{"id":2375,"date":"2021-06-17T00:30:40","date_gmt":"2021-06-17T00:30:40","guid":{"rendered":"http:\/\/sanignacioconcepcion.cl\/sitio\/?p=2375"},"modified":"2021-06-17T00:30:40","modified_gmt":"2021-06-17T00:30:40","slug":"encuentro-padres-e-hijos-as","status":"publish","type":"post","link":"http:\/\/sanignacioconcepcion.cl\/sitio\/encuentro-padres-e-hijos-as\/","title":{"rendered":"Encuentro Padres e Hijos\/as"},"content":{"rendered":"<p class=\"p1\">Comenzaron los Encuentros de Padres e Hijos de primer y segundo a\u00f1o de catequesis, instancia de la cual participan 50 familias de primer a\u00f1o y 62 de segundo a\u00f1o.<\/p>\n<p>Lo anterior, luego de que los padres tuvieran un periodo de formaci\u00f3n que ahora comparten con sus hijos a trav\u00e9s de este encuentro, abordando diversos temas trabajados en catequesis.<span class=\"Apple-converted-space\">\u00a0<\/span><\/p>\n","protected":false},"excerpt":{"rendered":"<p>Comenzaron los Encuentros de Padres e Hijos de primer y segundo a\u00f1o de catequesis, instancia de la cual participan 50 familias de primer a\u00f1o y 62 de segundo a\u00f1o. Lo anterior, luego de que los padres tuvieran un periodo de formaci\u00f3n que ahora comparten con sus hijos a trav\u00e9s de este encuentro, abordando diversos temas&hellip;<\/p>\n","protected":false},"author":1,"featured_media":2376,"comment_status":"closed","ping_status":"closed","sticky":false,"template":"","format":"standard","meta":[],"categories":[4],"tags":[],"_links":{"self":[{"href":"http:\/\/sanignacioconcepcion.cl\/sitio\/wp-json\/wp\/v2\/posts\/2375"}],"collection":[{"href":"http:\/\/sanignacioconcepcion.cl\/sitio\/wp-json\/wp\/v2\/posts"}],"about":[{"href":"http:\/\/sanignacioconcepcion.cl\/sitio\/wp-json\/wp\/v2\/types\/post"}],"author":[{"embeddable":true,"href":"http:\/\/sanignacioconcepcion.cl\/sitio\/wp-json\/wp\/v2\/users\/1"}],"replies":[{"embeddable":true,"href":"http:\/\/sanignacioconcepcion.cl\/sitio\/wp-json\/wp\/v2\/comments?post=2375"}],"version-history":[{"count":1,"href":"http:\/\/sanignacioconcepcion.cl\/sitio\/wp-json\/wp\/v2\/posts\/2375\/revisions"}],"predecessor-version":[{"id":2377,"href":"http:\/\/sanignacioconcepcion.cl\/sitio\/wp-json\/wp\/v2\/posts\/2375\/revisions\/2377"}],"wp:featuredmedia":[{"embeddable":true,"href":"http:\/\/sanignacioconcepcion.cl\/sitio\/wp-json\/wp\/v2\/media\/2376"}],"wp:attachment":[{"href":"http:\/\/sanignacioconcepcion.cl\/sitio\/wp-json\/wp\/v2\/media?parent=2375"}],"wp:term":[{"taxonomy":"category","embeddable":true,"href":"http:\/\/sanignacioconcepcion.cl\/sitio\/wp-json\/wp\/v2\/categories?post=2375"},{"taxonomy":"post_tag","embeddable":true,"href":"http:\/\/sanignacioconcepcion.cl\/sitio\/wp-json\/wp\/v2\/tags?post=2375"}],"curies":[{"name":"wp","href":"https:\/\/api.w.org\/{rel}","templated":true}]}}