{"id":2378,"date":"2021-06-17T00:42:54","date_gmt":"2021-06-17T00:42:54","guid":{"rendered":"http:\/\/sanignacioconcepcion.cl\/sitio\/?p=2378"},"modified":"2021-06-17T00:43:19","modified_gmt":"2021-06-17T00:43:19","slug":"charla-pre-bautismal","status":"publish","type":"post","link":"http:\/\/sanignacioconcepcion.cl\/sitio\/charla-pre-bautismal\/","title":{"rendered":"Charla pre-bautismal"},"content":{"rendered":"<p class=\"p1\">El pasado viernes comenzaron las Charlas pre-bautismal para los padres y padrinos\/madrinas de aquellos ni\u00f1os y ni\u00f1as rezagados de 5to b\u00e1sico, que har\u00e1n su Primera Comuni\u00f3n. Acompa\u00f1ar\u00e1 y guiar\u00e1 estas charlas, el profesor Rodrigo Miranda.<\/p>\n<p>El bautizo de los cuatro estudiantes, se realizar\u00e1 el 22 de junio en nuestra capilla, respetando todas las normas de seguridad dado el contexto sanitario actual.<span class=\"Apple-converted-space\">\u00a0<\/span><\/p>\n","protected":false},"excerpt":{"rendered":"<p>El pasado viernes comenzaron las Charlas pre-bautismal para los padres y padrinos\/madrinas de aquellos ni\u00f1os y ni\u00f1as rezagados de 5to b\u00e1sico, que har\u00e1n su Primera Comuni\u00f3n. Acompa\u00f1ar\u00e1 y guiar\u00e1 estas charlas, el profesor Rodrigo Miranda. El bautizo de los cuatro estudiantes, se realizar\u00e1 el 22 de junio en nuestra capilla, respetando todas las normas de&hellip;<\/p>\n","protected":false},"author":1,"featured_media":2379,"comment_status":"closed","ping_status":"closed","sticky":false,"template":"","format":"standard","meta":[],"categories":[4],"tags":[],"_links":{"self":[{"href":"http:\/\/sanignacioconcepcion.cl\/sitio\/wp-json\/wp\/v2\/posts\/2378"}],"collection":[{"href":"http:\/\/sanignacioconcepcion.cl\/sitio\/wp-json\/wp\/v2\/posts"}],"about":[{"href":"http:\/\/sanignacioconcepcion.cl\/sitio\/wp-json\/wp\/v2\/types\/post"}],"author":[{"embeddable":true,"href":"http:\/\/sanignacioconcepcion.cl\/sitio\/wp-json\/wp\/v2\/users\/1"}],"replies":[{"embeddable":true,"href":"http:\/\/sanignacioconcepcion.cl\/sitio\/wp-json\/wp\/v2\/comments?post=2378"}],"version-history":[{"count":2,"href":"http:\/\/sanignacioconcepcion.cl\/sitio\/wp-json\/wp\/v2\/posts\/2378\/revisions"}],"predecessor-version":[{"id":2381,"href":"http:\/\/sanignacioconcepcion.cl\/sitio\/wp-json\/wp\/v2\/posts\/2378\/revisions\/2381"}],"wp:featuredmedia":[{"embeddable":true,"href":"http:\/\/sanignacioconcepcion.cl\/sitio\/wp-json\/wp\/v2\/media\/2379"}],"wp:attachment":[{"href":"http:\/\/sanignacioconcepcion.cl\/sitio\/wp-json\/wp\/v2\/media?parent=2378"}],"wp:term":[{"taxonomy":"category","embeddable":true,"href":"http:\/\/sanignacioconcepcion.cl\/sitio\/wp-json\/wp\/v2\/categories?post=2378"},{"taxonomy":"post_tag","embeddable":true,"href":"http:\/\/sanignacioconcepcion.cl\/sitio\/wp-json\/wp\/v2\/tags?post=2378"}],"curies":[{"name":"wp","href":"https:\/\/api.w.org\/{rel}","templated":true}]}}