{"id":2382,"date":"2021-06-17T00:45:54","date_gmt":"2021-06-17T00:45:54","guid":{"rendered":"http:\/\/sanignacioconcepcion.cl\/sitio\/?p=2382"},"modified":"2021-06-17T00:45:54","modified_gmt":"2021-06-17T00:45:54","slug":"interescolar-de-ajedrez","status":"publish","type":"post","link":"http:\/\/sanignacioconcepcion.cl\/sitio\/interescolar-de-ajedrez\/","title":{"rendered":"Interescolar de Ajedrez"},"content":{"rendered":"<p class=\"p1\">El s\u00e1bado 30 de mayo comenz\u00f3 la primera fecha Interescolar 2021 de ajedrez organizado por el profesor Cristian Galarce S\u00e1nchez. El objetivo es que los alumnos del taller tengan una instancia de entrenamiento y competici\u00f3n en estos tiempos de pandemia.<br \/>\nEste primer torneo tuvo una duraci\u00f3n de una hora en cada categor\u00eda y cont\u00f3 con la participaci\u00f3n de 34 jugadores.<br \/>\nEl circuito durar\u00e1 todo el a\u00f1o y se realizar\u00e1 los s\u00e1bados, en los siguientes horarios:<br \/>\n<b>&#8211; Torneo Infantil: <\/b>17:00 horas<br \/>\n<b>&#8211; Torneo Juvenil:<\/b> 18:00 horas.<span class=\"Apple-converted-space\">\u00a0<\/span><\/p>\n<p class=\"p1\">El circuito estimular\u00e1 la comunicaci\u00f3n con otros colegios en un ambiente de sana competencia. Habr\u00e1 premiaci\u00f3n al final del circuito.<br \/>\nLos alumnos y alumnas del colegio que se quieran unir, pueden comunicarse con el profesor, al siguiente correo: <a href=\"&#109;&#x61;&#x69;l&#116;&#x6f;&#x3a;c&#103;&#x61;l&#97;&#x72;&#x63;e&#64;&#x73;a&#110;&#x69;&#x67;n&#97;&#x63;&#x69;&#111;&#x63;&#x6f;n&#99;&#x65;&#x70;c&#105;&#x6f;n&#46;&#x63;&#x6c;\"><span class=\"s1\">&#x63;&#103;a&#x6c;&#97;r&#x63;&#101;&#64;&#x73;&#97;n&#x69;&#103;n&#x61;&#99;i&#x6f;&#99;o&#x6e;&#99;e&#x70;&#99;i&#x6f;&#110;&#46;&#x63;&#108;<\/span><\/a><\/p>\n","protected":false},"excerpt":{"rendered":"<p>El s\u00e1bado 30 de mayo comenz\u00f3 la primera fecha Interescolar 2021 de ajedrez organizado por el profesor Cristian Galarce S\u00e1nchez. El objetivo es que los alumnos del taller tengan una instancia de entrenamiento y competici\u00f3n en estos tiempos de pandemia. Este primer torneo tuvo una duraci\u00f3n de una hora en cada categor\u00eda y cont\u00f3 con&hellip;<\/p>\n","protected":false},"author":1,"featured_media":2383,"comment_status":"closed","ping_status":"closed","sticky":false,"template":"","format":"standard","meta":[],"categories":[4],"tags":[],"_links":{"self":[{"href":"http:\/\/sanignacioconcepcion.cl\/sitio\/wp-json\/wp\/v2\/posts\/2382"}],"collection":[{"href":"http:\/\/sanignacioconcepcion.cl\/sitio\/wp-json\/wp\/v2\/posts"}],"about":[{"href":"http:\/\/sanignacioconcepcion.cl\/sitio\/wp-json\/wp\/v2\/types\/post"}],"author":[{"embeddable":true,"href":"http:\/\/sanignacioconcepcion.cl\/sitio\/wp-json\/wp\/v2\/users\/1"}],"replies":[{"embeddable":true,"href":"http:\/\/sanignacioconcepcion.cl\/sitio\/wp-json\/wp\/v2\/comments?post=2382"}],"version-history":[{"count":1,"href":"http:\/\/sanignacioconcepcion.cl\/sitio\/wp-json\/wp\/v2\/posts\/2382\/revisions"}],"predecessor-version":[{"id":2384,"href":"http:\/\/sanignacioconcepcion.cl\/sitio\/wp-json\/wp\/v2\/posts\/2382\/revisions\/2384"}],"wp:featuredmedia":[{"embeddable":true,"href":"http:\/\/sanignacioconcepcion.cl\/sitio\/wp-json\/wp\/v2\/media\/2383"}],"wp:attachment":[{"href":"http:\/\/sanignacioconcepcion.cl\/sitio\/wp-json\/wp\/v2\/media?parent=2382"}],"wp:term":[{"taxonomy":"category","embeddable":true,"href":"http:\/\/sanignacioconcepcion.cl\/sitio\/wp-json\/wp\/v2\/categories?post=2382"},{"taxonomy":"post_tag","embeddable":true,"href":"http:\/\/sanignacioconcepcion.cl\/sitio\/wp-json\/wp\/v2\/tags?post=2382"}],"curies":[{"name":"wp","href":"https:\/\/api.w.org\/{rel}","templated":true}]}}