{"id":2385,"date":"2021-06-17T00:47:34","date_gmt":"2021-06-17T00:47:34","guid":{"rendered":"http:\/\/sanignacioconcepcion.cl\/sitio\/?p=2385"},"modified":"2021-06-17T00:47:34","modified_gmt":"2021-06-17T00:47:34","slug":"docentes-y-equipo-loyola-participaron-de-taller-de-lenguaje-de-senas","status":"publish","type":"post","link":"http:\/\/sanignacioconcepcion.cl\/sitio\/docentes-y-equipo-loyola-participaron-de-taller-de-lenguaje-de-senas\/","title":{"rendered":"\u201cDocentes y Equipo Loyola participaron de taller de Lenguaje de Se\u00f1as\u201d"},"content":{"rendered":"<p class=\"p1\">Docentes de 2\u00b0 b\u00e1sico C, junto al Equipo PIE y Equipo del Ciclo Loyola participaron de un taller de lenguaje de se\u00f1as realizado por las profesoras de educaci\u00f3n diferencial; Natalia Ulloa, Alicia Montecinos y Tania Olivares.<\/p>\n<p class=\"p1\">La actividad tuvo una duraci\u00f3n de una hora y el objetivo fue traspasar conocimientos de la lengua de se\u00f1as y aprender algunas de ellas que ser\u00e1n incorporadas a las rutinas escolares por todos los docentes.<span class=\"Apple-converted-space\">\u00a0<\/span><\/p>\n<p class=\"p1\">\u201cLa mayor motivaci\u00f3n para la realizaci\u00f3n del taller fue dar respuesta a las necesidades educativas de un estudiante en particular, lo que contribuir\u00e1 a que como comunidad avancemos hacia un aula y sociedad m\u00e1s inclusiva\u201d, se\u00f1al\u00f3 la Coordinadora PIE, Sra. Tania Olivares.<span class=\"Apple-converted-space\">\u00a0<\/span><\/p>\n","protected":false},"excerpt":{"rendered":"<p>Docentes de 2\u00b0 b\u00e1sico C, junto al Equipo PIE y Equipo del Ciclo Loyola participaron de un taller de lenguaje de se\u00f1as realizado por las profesoras de educaci\u00f3n diferencial; Natalia Ulloa, Alicia Montecinos y Tania Olivares. La actividad tuvo una duraci\u00f3n de una hora y el objetivo fue traspasar conocimientos de la lengua de se\u00f1as&hellip;<\/p>\n","protected":false},"author":1,"featured_media":2386,"comment_status":"closed","ping_status":"closed","sticky":false,"template":"","format":"standard","meta":[],"categories":[4],"tags":[],"_links":{"self":[{"href":"http:\/\/sanignacioconcepcion.cl\/sitio\/wp-json\/wp\/v2\/posts\/2385"}],"collection":[{"href":"http:\/\/sanignacioconcepcion.cl\/sitio\/wp-json\/wp\/v2\/posts"}],"about":[{"href":"http:\/\/sanignacioconcepcion.cl\/sitio\/wp-json\/wp\/v2\/types\/post"}],"author":[{"embeddable":true,"href":"http:\/\/sanignacioconcepcion.cl\/sitio\/wp-json\/wp\/v2\/users\/1"}],"replies":[{"embeddable":true,"href":"http:\/\/sanignacioconcepcion.cl\/sitio\/wp-json\/wp\/v2\/comments?post=2385"}],"version-history":[{"count":1,"href":"http:\/\/sanignacioconcepcion.cl\/sitio\/wp-json\/wp\/v2\/posts\/2385\/revisions"}],"predecessor-version":[{"id":2387,"href":"http:\/\/sanignacioconcepcion.cl\/sitio\/wp-json\/wp\/v2\/posts\/2385\/revisions\/2387"}],"wp:featuredmedia":[{"embeddable":true,"href":"http:\/\/sanignacioconcepcion.cl\/sitio\/wp-json\/wp\/v2\/media\/2386"}],"wp:attachment":[{"href":"http:\/\/sanignacioconcepcion.cl\/sitio\/wp-json\/wp\/v2\/media?parent=2385"}],"wp:term":[{"taxonomy":"category","embeddable":true,"href":"http:\/\/sanignacioconcepcion.cl\/sitio\/wp-json\/wp\/v2\/categories?post=2385"},{"taxonomy":"post_tag","embeddable":true,"href":"http:\/\/sanignacioconcepcion.cl\/sitio\/wp-json\/wp\/v2\/tags?post=2385"}],"curies":[{"name":"wp","href":"https:\/\/api.w.org\/{rel}","templated":true}]}}