{"id":2388,"date":"2021-06-17T00:50:59","date_gmt":"2021-06-17T00:50:59","guid":{"rendered":"http:\/\/sanignacioconcepcion.cl\/sitio\/?p=2388"},"modified":"2021-06-17T00:50:59","modified_gmt":"2021-06-17T00:50:59","slug":"seguimos-avanzando-en-el-challenge-de-deportivo-escolar","status":"publish","type":"post","link":"http:\/\/sanignacioconcepcion.cl\/sitio\/seguimos-avanzando-en-el-challenge-de-deportivo-escolar\/","title":{"rendered":"\u00a1Seguimos avanzando en el Challenge de Deportivo Escolar!"},"content":{"rendered":"<p class=\"p1\">Este a\u00f1o, nuevamente estamos participando del concurso de popularidad que organiza Deportivo Escolar, a trav\u00e9s de Instagram.<br \/>\nGracias la votaci\u00f3n de todos ustedes y de los amigos(as) de nuestra comunidad, el a\u00f1o pasado logramos el primer puesto de esta competencia que reuni\u00f3 a m\u00e1s de 120 colegios de todo Chile, por lo cual obtuvimos como premio importantes insumos deportivos para nuestro colegio.<span class=\"Apple-converted-space\">\u00a0<\/span><\/p>\n<p class=\"p1\">Ahora, ya estamos en 4tos de final, y por lo anterior, los animamos a participar de estas votaciones virtuales a trav\u00e9s de Instagram (@deportivoescolar) y a compartir en sus redes.<\/p>\n","protected":false},"excerpt":{"rendered":"<p>Este a\u00f1o, nuevamente estamos participando del concurso de popularidad que organiza Deportivo Escolar, a trav\u00e9s de Instagram. Gracias la votaci\u00f3n de todos ustedes y de los amigos(as) de nuestra comunidad, el a\u00f1o pasado logramos el primer puesto de esta competencia que reuni\u00f3 a m\u00e1s de 120 colegios de todo Chile, por lo cual obtuvimos como&hellip;<\/p>\n","protected":false},"author":1,"featured_media":2389,"comment_status":"closed","ping_status":"closed","sticky":false,"template":"","format":"standard","meta":[],"categories":[4],"tags":[],"_links":{"self":[{"href":"http:\/\/sanignacioconcepcion.cl\/sitio\/wp-json\/wp\/v2\/posts\/2388"}],"collection":[{"href":"http:\/\/sanignacioconcepcion.cl\/sitio\/wp-json\/wp\/v2\/posts"}],"about":[{"href":"http:\/\/sanignacioconcepcion.cl\/sitio\/wp-json\/wp\/v2\/types\/post"}],"author":[{"embeddable":true,"href":"http:\/\/sanignacioconcepcion.cl\/sitio\/wp-json\/wp\/v2\/users\/1"}],"replies":[{"embeddable":true,"href":"http:\/\/sanignacioconcepcion.cl\/sitio\/wp-json\/wp\/v2\/comments?post=2388"}],"version-history":[{"count":1,"href":"http:\/\/sanignacioconcepcion.cl\/sitio\/wp-json\/wp\/v2\/posts\/2388\/revisions"}],"predecessor-version":[{"id":2390,"href":"http:\/\/sanignacioconcepcion.cl\/sitio\/wp-json\/wp\/v2\/posts\/2388\/revisions\/2390"}],"wp:featuredmedia":[{"embeddable":true,"href":"http:\/\/sanignacioconcepcion.cl\/sitio\/wp-json\/wp\/v2\/media\/2389"}],"wp:attachment":[{"href":"http:\/\/sanignacioconcepcion.cl\/sitio\/wp-json\/wp\/v2\/media?parent=2388"}],"wp:term":[{"taxonomy":"category","embeddable":true,"href":"http:\/\/sanignacioconcepcion.cl\/sitio\/wp-json\/wp\/v2\/categories?post=2388"},{"taxonomy":"post_tag","embeddable":true,"href":"http:\/\/sanignacioconcepcion.cl\/sitio\/wp-json\/wp\/v2\/tags?post=2388"}],"curies":[{"name":"wp","href":"https:\/\/api.w.org\/{rel}","templated":true}]}}