{"id":2391,"date":"2021-06-17T00:53:53","date_gmt":"2021-06-17T00:53:53","guid":{"rendered":"http:\/\/sanignacioconcepcion.cl\/sitio\/?p=2391"},"modified":"2021-06-17T00:53:53","modified_gmt":"2021-06-17T00:53:53","slug":"toma-de-pcr-a-funcionarios-sic","status":"publish","type":"post","link":"http:\/\/sanignacioconcepcion.cl\/sitio\/toma-de-pcr-a-funcionarios-sic\/","title":{"rendered":"Toma de PCR a funcionarios SIC"},"content":{"rendered":"<p class=\"p1\">Tras una gesti\u00f3n realizada por nuestro Colegio, el pasado jueves 10 de junio, personal del CESFAM de San Pedro de la Paz, acudi\u00f3 al establecimiento a realizar de manera gratuita, ex\u00e1menes PCR a funcionarios del colegio. Lo anterior como medida de prevenci\u00f3n y cuidado de la comunidad.<span class=\"s1\"><br \/>\n<\/span>Fueron 30 personas las que se pudieron realizar este examen, cuyos resultados fueron todos negativos.<br \/>\nSeguiremos en conversaciones con el Cesfam para tener una nueva visita y continuar con la toma de PCR a nuestros funcionarios.<\/p>\n","protected":false},"excerpt":{"rendered":"<p>Tras una gesti\u00f3n realizada por nuestro Colegio, el pasado jueves 10 de junio, personal del CESFAM de San Pedro de la Paz, acudi\u00f3 al establecimiento a realizar de manera gratuita, ex\u00e1menes PCR a funcionarios del colegio. Lo anterior como medida de prevenci\u00f3n y cuidado de la comunidad. Fueron 30 personas las que se pudieron realizar&hellip;<\/p>\n","protected":false},"author":1,"featured_media":2392,"comment_status":"closed","ping_status":"closed","sticky":false,"template":"","format":"standard","meta":[],"categories":[4],"tags":[],"_links":{"self":[{"href":"http:\/\/sanignacioconcepcion.cl\/sitio\/wp-json\/wp\/v2\/posts\/2391"}],"collection":[{"href":"http:\/\/sanignacioconcepcion.cl\/sitio\/wp-json\/wp\/v2\/posts"}],"about":[{"href":"http:\/\/sanignacioconcepcion.cl\/sitio\/wp-json\/wp\/v2\/types\/post"}],"author":[{"embeddable":true,"href":"http:\/\/sanignacioconcepcion.cl\/sitio\/wp-json\/wp\/v2\/users\/1"}],"replies":[{"embeddable":true,"href":"http:\/\/sanignacioconcepcion.cl\/sitio\/wp-json\/wp\/v2\/comments?post=2391"}],"version-history":[{"count":1,"href":"http:\/\/sanignacioconcepcion.cl\/sitio\/wp-json\/wp\/v2\/posts\/2391\/revisions"}],"predecessor-version":[{"id":2393,"href":"http:\/\/sanignacioconcepcion.cl\/sitio\/wp-json\/wp\/v2\/posts\/2391\/revisions\/2393"}],"wp:featuredmedia":[{"embeddable":true,"href":"http:\/\/sanignacioconcepcion.cl\/sitio\/wp-json\/wp\/v2\/media\/2392"}],"wp:attachment":[{"href":"http:\/\/sanignacioconcepcion.cl\/sitio\/wp-json\/wp\/v2\/media?parent=2391"}],"wp:term":[{"taxonomy":"category","embeddable":true,"href":"http:\/\/sanignacioconcepcion.cl\/sitio\/wp-json\/wp\/v2\/categories?post=2391"},{"taxonomy":"post_tag","embeddable":true,"href":"http:\/\/sanignacioconcepcion.cl\/sitio\/wp-json\/wp\/v2\/tags?post=2391"}],"curies":[{"name":"wp","href":"https:\/\/api.w.org\/{rel}","templated":true}]}}