{"id":2394,"date":"2021-06-17T00:56:25","date_gmt":"2021-06-17T00:56:25","guid":{"rendered":"http:\/\/sanignacioconcepcion.cl\/sitio\/?p=2394"},"modified":"2021-06-17T00:56:25","modified_gmt":"2021-06-17T00:56:25","slug":"cvx-secundaria-finalizacion-jornada-de-iniciacion-y-entrega-de-comunidades","status":"publish","type":"post","link":"http:\/\/sanignacioconcepcion.cl\/sitio\/cvx-secundaria-finalizacion-jornada-de-iniciacion-y-entrega-de-comunidades\/","title":{"rendered":"CVX Secundaria- Finalizaci\u00f3n Jornada de Iniciaci\u00f3n y Entrega de Comunidades"},"content":{"rendered":"<p class=\"p1\">El s\u00e1bado 12 de junio finalizaron las jornadas de iniciaci\u00f3n de los Segundos Medios, la actividad tuvo un buen desarrollo, hubo juegos de entretenci\u00f3n, se les explic\u00f3 c\u00f3mo es una comunidad y finalmente se les hizo entrega de sus comunidades. Para los asesores de cada comunidad fue sorpresivo conocer a los integrantes de cada una de ellas, por lo que estaban muy emocionados de poder compartir este nuevo paso.<br \/>\nParticiparon de este encuentro, los asesores de 4to medio y los estudiantes de 2do medio, tanto externos como de nuestro Colegio, adem\u00e1s del Consejo.<br \/>\nEs importante destacar que son finalmente una familia, que deben disfrutarla y amarlas.<\/p>\n","protected":false},"excerpt":{"rendered":"<p>El s\u00e1bado 12 de junio finalizaron las jornadas de iniciaci\u00f3n de los Segundos Medios, la actividad tuvo un buen desarrollo, hubo juegos de entretenci\u00f3n, se les explic\u00f3 c\u00f3mo es una comunidad y finalmente se les hizo entrega de sus comunidades. Para los asesores de cada comunidad fue sorpresivo conocer a los integrantes de cada una&hellip;<\/p>\n","protected":false},"author":1,"featured_media":2395,"comment_status":"closed","ping_status":"closed","sticky":false,"template":"","format":"standard","meta":[],"categories":[4],"tags":[],"_links":{"self":[{"href":"http:\/\/sanignacioconcepcion.cl\/sitio\/wp-json\/wp\/v2\/posts\/2394"}],"collection":[{"href":"http:\/\/sanignacioconcepcion.cl\/sitio\/wp-json\/wp\/v2\/posts"}],"about":[{"href":"http:\/\/sanignacioconcepcion.cl\/sitio\/wp-json\/wp\/v2\/types\/post"}],"author":[{"embeddable":true,"href":"http:\/\/sanignacioconcepcion.cl\/sitio\/wp-json\/wp\/v2\/users\/1"}],"replies":[{"embeddable":true,"href":"http:\/\/sanignacioconcepcion.cl\/sitio\/wp-json\/wp\/v2\/comments?post=2394"}],"version-history":[{"count":1,"href":"http:\/\/sanignacioconcepcion.cl\/sitio\/wp-json\/wp\/v2\/posts\/2394\/revisions"}],"predecessor-version":[{"id":2396,"href":"http:\/\/sanignacioconcepcion.cl\/sitio\/wp-json\/wp\/v2\/posts\/2394\/revisions\/2396"}],"wp:featuredmedia":[{"embeddable":true,"href":"http:\/\/sanignacioconcepcion.cl\/sitio\/wp-json\/wp\/v2\/media\/2395"}],"wp:attachment":[{"href":"http:\/\/sanignacioconcepcion.cl\/sitio\/wp-json\/wp\/v2\/media?parent=2394"}],"wp:term":[{"taxonomy":"category","embeddable":true,"href":"http:\/\/sanignacioconcepcion.cl\/sitio\/wp-json\/wp\/v2\/categories?post=2394"},{"taxonomy":"post_tag","embeddable":true,"href":"http:\/\/sanignacioconcepcion.cl\/sitio\/wp-json\/wp\/v2\/tags?post=2394"}],"curies":[{"name":"wp","href":"https:\/\/api.w.org\/{rel}","templated":true}]}}