{"id":2679,"date":"2021-07-06T12:10:21","date_gmt":"2021-07-06T12:10:21","guid":{"rendered":"http:\/\/sanignacioconcepcion.cl\/sitio\/?p=2679"},"modified":"2021-07-06T12:10:21","modified_gmt":"2021-07-06T12:10:21","slug":"educadores-participan-en-taller-de-prevencion-de-abuso","status":"publish","type":"post","link":"http:\/\/sanignacioconcepcion.cl\/sitio\/educadores-participan-en-taller-de-prevencion-de-abuso\/","title":{"rendered":"Educadores participan en taller de prevenci\u00f3n de abuso"},"content":{"rendered":"<div class=\"page\" title=\"Page 2\">\n<div class=\"section\">\n<div class=\"layoutArea\">\n<div class=\"column\">\n<p class=\"p1\">En el contexto de los espacios de formaci\u00f3n que se realizan regularmente a nuestros\/as educadores, el pasado 29 de junio se abordo la tem\u00e1tica de la\u00a0<b>prevenci\u00f3n de abusos<\/b>.<span class=\"Apple-converted-space\">\u00a0<\/span><\/p>\n<p class=\"p1\">La charla fue dirigida por la directora de Prevenci\u00f3n y Educaci\u00f3n de la Fundaci\u00f3n para la Confianza, Ver\u00f3nica Uzcategui.<\/p>\n<p class=\"p1\">Con esta actividad se busca fortalecer a la comunidad para que el colegio sea un espacio protegido, que brinde seguridad a nuestros estudiantes. Junto a lo anterior, este encuentro entreg\u00f3 herramientas a los educadores, para que ante el abuso sexual infantil puedan <i>acoger, contener y derivar.<\/i><\/p>\n<p class=\"p1\">Finalmente se\u00f1alar que la Compa\u00f1\u00eda de Jes\u00fas, intenciona estos espacios de formaci\u00f3n para la prevenci\u00f3n de abusos en la b\u00fasqueda permanente de ambientes protegidos, sanos y seguros.<\/p>\n<\/div>\n<\/div>\n<\/div>\n<\/div>\n","protected":false},"excerpt":{"rendered":"<p>En el contexto de los espacios de formaci\u00f3n que se realizan regularmente a nuestros\/as educadores, el pasado 29 de junio se abordo la tem\u00e1tica de la\u00a0prevenci\u00f3n de abusos.\u00a0 La charla fue dirigida por la directora de Prevenci\u00f3n y Educaci\u00f3n de la Fundaci\u00f3n para la Confianza, Ver\u00f3nica Uzcategui. Con esta actividad se busca fortalecer a la&hellip;<\/p>\n","protected":false},"author":1,"featured_media":2680,"comment_status":"closed","ping_status":"closed","sticky":false,"template":"","format":"standard","meta":[],"categories":[4],"tags":[],"_links":{"self":[{"href":"http:\/\/sanignacioconcepcion.cl\/sitio\/wp-json\/wp\/v2\/posts\/2679"}],"collection":[{"href":"http:\/\/sanignacioconcepcion.cl\/sitio\/wp-json\/wp\/v2\/posts"}],"about":[{"href":"http:\/\/sanignacioconcepcion.cl\/sitio\/wp-json\/wp\/v2\/types\/post"}],"author":[{"embeddable":true,"href":"http:\/\/sanignacioconcepcion.cl\/sitio\/wp-json\/wp\/v2\/users\/1"}],"replies":[{"embeddable":true,"href":"http:\/\/sanignacioconcepcion.cl\/sitio\/wp-json\/wp\/v2\/comments?post=2679"}],"version-history":[{"count":1,"href":"http:\/\/sanignacioconcepcion.cl\/sitio\/wp-json\/wp\/v2\/posts\/2679\/revisions"}],"predecessor-version":[{"id":2681,"href":"http:\/\/sanignacioconcepcion.cl\/sitio\/wp-json\/wp\/v2\/posts\/2679\/revisions\/2681"}],"wp:featuredmedia":[{"embeddable":true,"href":"http:\/\/sanignacioconcepcion.cl\/sitio\/wp-json\/wp\/v2\/media\/2680"}],"wp:attachment":[{"href":"http:\/\/sanignacioconcepcion.cl\/sitio\/wp-json\/wp\/v2\/media?parent=2679"}],"wp:term":[{"taxonomy":"category","embeddable":true,"href":"http:\/\/sanignacioconcepcion.cl\/sitio\/wp-json\/wp\/v2\/categories?post=2679"},{"taxonomy":"post_tag","embeddable":true,"href":"http:\/\/sanignacioconcepcion.cl\/sitio\/wp-json\/wp\/v2\/tags?post=2679"}],"curies":[{"name":"wp","href":"https:\/\/api.w.org\/{rel}","templated":true}]}}