{"id":2723,"date":"2021-07-12T22:23:51","date_gmt":"2021-07-12T22:23:51","guid":{"rendered":"http:\/\/sanignacioconcepcion.cl\/sitio\/?p=2723"},"modified":"2021-07-12T22:35:12","modified_gmt":"2021-07-12T22:35:12","slug":"trabajando-juntos-por-el-sueno-de-un-colegio-inclusivo-y-gratuito","status":"publish","type":"post","link":"http:\/\/sanignacioconcepcion.cl\/sitio\/trabajando-juntos-por-el-sueno-de-un-colegio-inclusivo-y-gratuito\/","title":{"rendered":"\u201cTrabajando juntos por el sue\u00f1o de un colegio inclusivo y gratuito\u201d"},"content":{"rendered":"<p class=\"p1\"><img loading=\"lazy\" class=\"aligncenter wp-image-2725 size-full\" src=\"http:\/\/sanignacioconcepcion.cl\/sitio\/wp-content\/uploads\/2021\/07\/INTEGRANTES-FUND.jpg\" alt=\"\" width=\"800\" height=\"542\" srcset=\"http:\/\/sanignacioconcepcion.cl\/sitio\/wp-content\/uploads\/2021\/07\/INTEGRANTES-FUND.jpg 800w, http:\/\/sanignacioconcepcion.cl\/sitio\/wp-content\/uploads\/2021\/07\/INTEGRANTES-FUND-768x520.jpg 768w, http:\/\/sanignacioconcepcion.cl\/sitio\/wp-content\/uploads\/2021\/07\/INTEGRANTES-FUND-600x407.jpg 600w\" sizes=\"(max-width: 800px) 100vw, 800px\" \/><\/p>\n<p class=\"p1\">La Fundaci\u00f3n Educacional San Juan del Castillo, sostenedora de nuestro colegio ha tenido cambios en sus integrantes durante este \u00faltimo tiempo, han cerrado un ciclo de participaci\u00f3n: la <b>Sra. Claudia Rodr\u00edguez, <\/b>abogado, quien fue presidenta y secretaria del directorio desde el a\u00f1o 2004, y el <b>Sr. Juan Pablo Dur\u00e1n, <\/b>ingeniero comercial, encargado del \u00e1rea financiera, ambos, con 17 a\u00f1os de entrega y compromiso en este proyecto educacional.<\/p>\n<p class=\"p1\">Los invitamos a conocer un poco m\u00e1s de su labor y aporte a nuestra fundaci\u00f3n y colegio.<\/p>\n<p class=\"p1\"><strong>\u00bfQu\u00e9 los motiv\u00f3 a ser parte de este proyecto y mantenerse en \u00e9l por tanto tiempo?<\/strong><\/p>\n<p><strong>Claudia:<\/strong>\u00a0Fui invitada a integrar el Directorio por Javier Ossa Sj., quien me habl\u00f3 del Colegio, que en esos a\u00f1os estaba ubicado en calle Los Carreras de Concepci\u00f3n, y del proyecto de construir nuevas instalaciones en San Pedro de la Paz.<\/p>\n<p>Se estaba tramitando en esos momentos la donaci\u00f3n del terreno, y paralelamente se estaba trabajando en el proyecto arquitect\u00f3nico y en la b\u00fasqueda de financiamiento. Se requer\u00eda para esta etapa la colaboraci\u00f3n de un abogado y me encant\u00f3 la idea de aportar con un grano de arena en hacer realidad este hermoso sue\u00f1o. Yo cre\u00ed que una vez construido el colegio terminar\u00eda mi participaci\u00f3n en el Directorio, pero vinieron otros desaf\u00edos y yo segu\u00eda encantada de poder ayudar.<\/p>\n<p><strong>Juan Pablo: <\/strong>Siempre estuve ligado a la comunidad jesuita ya que estudi\u00e9 en el Colegio San Mateo de Osorno, y cuando me mud\u00e9 a Concepci\u00f3n, a trav\u00e9s de sacerdotes conocidos, me invitaron a participar de la fundaci\u00f3n. Todos los que participamos generalmente tenemos el esp\u00edritu o sello ignaciano. Estos a\u00f1os han pasado volando, ha sido bien entretenido ser parte de la fundaci\u00f3n. Estos proyectos son muy bonitos y siempre desafiantes.<\/p>\n<p><strong>Durante este tiempo, \u00bfcu\u00e1les fueron los principales desaf\u00edos que enfrentaron en su rol?<\/strong><\/p>\n<p><strong>Claudia: <\/strong>Conciliar la baja permanente de ingresos econ\u00f3micos y el cumplimiento de nuestras obligaciones financieras con una mejora de la calidad de la educaci\u00f3n. Compatibilizar la satisfacci\u00f3n de las justas demandas de los funcionarios del colegio con la sustentabilidad de nuestro proyecto educativo, junto a lo anterior, armonizar mi vida familiar y laborar con un aporte fruct\u00edfero al colegio.<\/p>\n<p><strong>Juan Pablo:<\/strong> Durante mi periodo hubo dos desaf\u00edos importantes; poder financiar y buscar la forma para poder ajustar el financiamiento. Hab\u00eda que buscar formulas, trabajar presupuesto, no todo siempre se pod\u00eda, hubo que hacer ajustes, pero yo creo que el norte que me motivaba, y que era el com\u00fan denominador, era poder llevar este proyecto a lo que hoy d\u00eda estamos buscando, a lo que hoy sigue buscando el colegio y la fundaci\u00f3n<strong>, que sea un colegio gratuito<\/strong>, que ojal\u00e1 podamos llegar a toda la comunidad con un proyecto educacional de esta envergadura. Ese es el sue\u00f1o que ten\u00edamos y objetivo que me motivaba a seguir estando en la fundaci\u00f3n.<\/p>\n<p><strong>Estamos viviendo un proceso de cambio en nuestro colegio, camino a la gratuidad, considerando esto; \u00bfc\u00f3mo ve el futuro del colegio?<\/strong><\/p>\n<p><strong>Claudia:<\/strong> Veo al colegio San Ignacio como un colegio inclusivo, sin barreras de entrada, en el que seguir\u00e1n conviviendo familias con distinta situaci\u00f3n socioecon\u00f3mica, que entregar\u00e1 una educaci\u00f3n de excelencia, con estudiantes integrales, en los que se har\u00e1 carne el lema del colegio \u201cEntramos para aprender, salimos para servir\u201d.<\/p>\n<p><strong>Juan Pablo:<\/strong> La verdad que inicialmente se ve\u00eda complejo, por el escenario, las directrices pol\u00edticas en cuanto a educaci\u00f3n, pero en el andar nos empezamos a dar cuenta que si se pod\u00eda, pero para poder hacerlo se deben hacer grandes cambios estructurales, cambios profundos, ya sea en mentalidad, como en la forma de trabajar y estamos convencidos de que se puede, en el mediano\/largo plazo. Nuestro gran norte era el camino a la gratuidad y eso nos motivaba a seguir trabajando felices. Sabemos que es un proceso que tomar\u00e1 tiempo, pero el Colegio va caminando en forma correcta y con la Rectora actual yo creo que estamos navegando s\u00faper bien.<\/p>\n<p><strong>\u00bfCu\u00e1l cree que fue su aporte siendo parte de esta fundaci\u00f3n?<\/strong><\/p>\n<p><strong>Claudia:<\/strong> Creo que mi aporte principal, debido a mi formaci\u00f3n profesional, fue entregar una visi\u00f3n jur\u00eddica respecto de m\u00faltiples problemas que enfrent\u00f3 el funcionamiento del Colegio en estos a\u00f1os. Especialmente en la etapa de la donaci\u00f3n del terreno y construcci\u00f3n del colegio, donde se me encomend\u00f3 la revisi\u00f3n de los \u00a0respectivos contratos, y posteriormente el an\u00e1lisis de algunas leyes, que en el \u00e1rea educacional se han ido dictando y que influyen decisivamente en sus actividades y objetivos.<\/p>\n<p><strong>Juan Pablo:<\/strong> Yo creo que mi sello fue luchar constantemente por ir camino a la gratuidad y buscar formulas para esto, sabiendo que puede ser complejo, que habr\u00e1 gente que no quiere porque hay que recibir a familias de todos los niveles socioecon\u00f3micos, pero esa es la magia de la integraci\u00f3n. Yo creo que construyendo una buena red de colegio e integraci\u00f3n se construye adem\u00e1s un s\u00faper buen pa\u00eds. Todo lo que est\u00e1 pasando hoy en nuestro pa\u00eds tiene que ver con esto mismo, la verdad es que yo creo que ese fue el aporte que quise dar mientras estuve en la fundaci\u00f3n, si bien ve\u00eda la parte econ\u00f3mica, estuve siempre enfocado a pensar en c\u00f3mo lo hacemos para que sea gratuito.<\/p>\n<p><strong>\u00bfQu\u00e9 mensaje le dejar\u00eda a la comunidad ante estos cambios que se aproximan?<\/strong><\/p>\n<p><strong>Claudia:<\/strong> Me gustar\u00eda invitar a toda la comunidad escolar a trabajar juntos y activamente en el cumplimiento de este sue\u00f1o de colegio inclusivo y gratuito, con el coraz\u00f3n y la mente abiertos a los desaf\u00edos que proponen los tiempos actuales, proyectando en nuestros alumnos s\u00f3lidos valores cristianos y materializar un mundo m\u00e1s justo.<\/p>\n<p><strong>Juan Pablo:<\/strong> Yo creo que un mensaje importante es: escuchar, ceder y empatizar, ah\u00ed est\u00e1 la clave de la familia, de educadores y de todos, ponerse en el lugar de otros, es la clave, y eso con mayor raz\u00f3n aplica a un colegio como, donde est\u00e1 la semilla de la vida, los colegios son la fuente de todo.\u00a0 Claramente ma\u00f1ana tendremos m\u00e1s gente evangelizando el mismo tipo de mensaje.<\/p>\n<p>En el rol de la Sra. Claudia Rodr\u00edguez asumi\u00f3 Eileen Concha, en tanto, Ana Mar\u00eda Tomassini asumir\u00e1 la labor del Sr. Juan Pablo Dur\u00e1n.<\/p>\n<p>A Claudia y Juan Pablo, extendemos nuestra gratitud por todo su trabajo y generosidad durante los a\u00f1os que fueron parte de la Fundaci\u00f3n y les deseamos mucho \u00e9xito en sus nuevos proyectos y desaf\u00edos.<\/p>\n","protected":false},"excerpt":{"rendered":"<p>La Fundaci\u00f3n Educacional San Juan del Castillo, sostenedora de nuestro colegio ha tenido cambios en sus integrantes durante este \u00faltimo tiempo, han cerrado un ciclo de participaci\u00f3n: la Sra. Claudia Rodr\u00edguez, abogado, quien fue presidenta y secretaria del directorio desde el a\u00f1o 2004, y el Sr. Juan Pablo Dur\u00e1n, ingeniero comercial, encargado del \u00e1rea financiera,&hellip;<\/p>\n","protected":false},"author":1,"featured_media":2725,"comment_status":"closed","ping_status":"closed","sticky":false,"template":"","format":"standard","meta":[],"categories":[4],"tags":[],"_links":{"self":[{"href":"http:\/\/sanignacioconcepcion.cl\/sitio\/wp-json\/wp\/v2\/posts\/2723"}],"collection":[{"href":"http:\/\/sanignacioconcepcion.cl\/sitio\/wp-json\/wp\/v2\/posts"}],"about":[{"href":"http:\/\/sanignacioconcepcion.cl\/sitio\/wp-json\/wp\/v2\/types\/post"}],"author":[{"embeddable":true,"href":"http:\/\/sanignacioconcepcion.cl\/sitio\/wp-json\/wp\/v2\/users\/1"}],"replies":[{"embeddable":true,"href":"http:\/\/sanignacioconcepcion.cl\/sitio\/wp-json\/wp\/v2\/comments?post=2723"}],"version-history":[{"count":4,"href":"http:\/\/sanignacioconcepcion.cl\/sitio\/wp-json\/wp\/v2\/posts\/2723\/revisions"}],"predecessor-version":[{"id":2730,"href":"http:\/\/sanignacioconcepcion.cl\/sitio\/wp-json\/wp\/v2\/posts\/2723\/revisions\/2730"}],"wp:featuredmedia":[{"embeddable":true,"href":"http:\/\/sanignacioconcepcion.cl\/sitio\/wp-json\/wp\/v2\/media\/2725"}],"wp:attachment":[{"href":"http:\/\/sanignacioconcepcion.cl\/sitio\/wp-json\/wp\/v2\/media?parent=2723"}],"wp:term":[{"taxonomy":"category","embeddable":true,"href":"http:\/\/sanignacioconcepcion.cl\/sitio\/wp-json\/wp\/v2\/categories?post=2723"},{"taxonomy":"post_tag","embeddable":true,"href":"http:\/\/sanignacioconcepcion.cl\/sitio\/wp-json\/wp\/v2\/tags?post=2723"}],"curies":[{"name":"wp","href":"https:\/\/api.w.org\/{rel}","templated":true}]}}