{"id":2954,"date":"2021-08-09T21:53:02","date_gmt":"2021-08-09T21:53:02","guid":{"rendered":"http:\/\/sanignacioconcepcion.cl\/sitio\/?p=2954"},"modified":"2021-08-09T21:54:21","modified_gmt":"2021-08-09T21:54:21","slug":"doy-mi-paso-estoy-presente","status":"publish","type":"post","link":"http:\/\/sanignacioconcepcion.cl\/sitio\/doy-mi-paso-estoy-presente\/","title":{"rendered":"Doy mi paso #Estoy presente"},"content":{"rendered":"<p><strong>Red Educacional Ignaciana impulsa campa\u00f1a para motivar el retorno a clases presenciales<\/strong><\/p>\n<p>En estos tiempos en que los pasos de avance y retroceso han marcado nuestra din\u00e1mica como sociedad, como Red Educacional Ignaciana (REI), queremos proponer que cada uno de nosotros d\u00e9 su propio paso.<\/p>\n<p>Hoy nos toca decidir avanzar y caminar hacia los patios, los recreos, las aulas. Queremos que todos est\u00e9n presente y que se vuelvan a llenar de vida y de color nuestros colegios y escuelas. Por ello, hemos impulsado la <strong>campa\u00f1a comunicacional \u00abDoy mi paso, #EstoyPresente\u201d, <\/strong>que busca apoyar el retorno a clases presenciales.<\/p>\n<p>Su prop\u00f3sito es sensibilizar a estudiantes y apoderados respecto a la multiplicidad de beneficios que conlleva la educaci\u00f3n presencial, sobre todo, cuando queremos acelerar el aprendizaje y promover una educaci\u00f3n integral, favoreciendo los v\u00ednculos socio-emocionales, el desarrollo de habilidades complejas para la vida, la autonom\u00eda y la relaci\u00f3n con otros.<\/p>\n<p>Entre las actividades que contempla esta campa\u00f1a, destacan la promoci\u00f3n de gr\u00e1ficas con datos y estad\u00edsticas relevantes que respaldan los beneficios de la educaci\u00f3n presencial, y la convocatoria a un concurso para estudiantes a trav\u00e9s de redes sociales para motivarlos, especialmente a ellos, a habitar nuevamente los espacios de nuestro colegio. La informaci\u00f3n ir\u00e1 siendo publicada de forma oportuna en nuestros medios.<\/p>\n<p><img loading=\"lazy\" class=\"alignnone wp-image-2955 size-large\" src=\"http:\/\/sanignacioconcepcion.cl\/sitio\/wp-content\/uploads\/2021\/08\/afiche-lanzamiento-1-1024x1024.jpeg\" alt=\"\" width=\"1024\" height=\"1024\" srcset=\"http:\/\/sanignacioconcepcion.cl\/sitio\/wp-content\/uploads\/2021\/08\/afiche-lanzamiento-1-1024x1024.jpeg 1024w, http:\/\/sanignacioconcepcion.cl\/sitio\/wp-content\/uploads\/2021\/08\/afiche-lanzamiento-1-300x300.jpeg 300w, http:\/\/sanignacioconcepcion.cl\/sitio\/wp-content\/uploads\/2021\/08\/afiche-lanzamiento-1-150x150.jpeg 150w, http:\/\/sanignacioconcepcion.cl\/sitio\/wp-content\/uploads\/2021\/08\/afiche-lanzamiento-1-768x768.jpeg 768w, http:\/\/sanignacioconcepcion.cl\/sitio\/wp-content\/uploads\/2021\/08\/afiche-lanzamiento-1-600x600.jpeg 600w, http:\/\/sanignacioconcepcion.cl\/sitio\/wp-content\/uploads\/2021\/08\/afiche-lanzamiento-1.jpeg 1080w\" sizes=\"(max-width: 1024px) 100vw, 1024px\" \/><\/p>\n","protected":false},"excerpt":{"rendered":"<p>Red Educacional Ignaciana impulsa campa\u00f1a para motivar el retorno a clases presenciales En estos tiempos en que los pasos de avance y retroceso han marcado nuestra din\u00e1mica como sociedad, como Red Educacional Ignaciana (REI), queremos proponer que cada uno de nosotros d\u00e9 su propio paso. Hoy nos toca decidir avanzar y caminar hacia los patios,&hellip;<\/p>\n","protected":false},"author":1,"featured_media":2955,"comment_status":"closed","ping_status":"closed","sticky":false,"template":"","format":"standard","meta":[],"categories":[4],"tags":[],"_links":{"self":[{"href":"http:\/\/sanignacioconcepcion.cl\/sitio\/wp-json\/wp\/v2\/posts\/2954"}],"collection":[{"href":"http:\/\/sanignacioconcepcion.cl\/sitio\/wp-json\/wp\/v2\/posts"}],"about":[{"href":"http:\/\/sanignacioconcepcion.cl\/sitio\/wp-json\/wp\/v2\/types\/post"}],"author":[{"embeddable":true,"href":"http:\/\/sanignacioconcepcion.cl\/sitio\/wp-json\/wp\/v2\/users\/1"}],"replies":[{"embeddable":true,"href":"http:\/\/sanignacioconcepcion.cl\/sitio\/wp-json\/wp\/v2\/comments?post=2954"}],"version-history":[{"count":2,"href":"http:\/\/sanignacioconcepcion.cl\/sitio\/wp-json\/wp\/v2\/posts\/2954\/revisions"}],"predecessor-version":[{"id":2957,"href":"http:\/\/sanignacioconcepcion.cl\/sitio\/wp-json\/wp\/v2\/posts\/2954\/revisions\/2957"}],"wp:featuredmedia":[{"embeddable":true,"href":"http:\/\/sanignacioconcepcion.cl\/sitio\/wp-json\/wp\/v2\/media\/2955"}],"wp:attachment":[{"href":"http:\/\/sanignacioconcepcion.cl\/sitio\/wp-json\/wp\/v2\/media?parent=2954"}],"wp:term":[{"taxonomy":"category","embeddable":true,"href":"http:\/\/sanignacioconcepcion.cl\/sitio\/wp-json\/wp\/v2\/categories?post=2954"},{"taxonomy":"post_tag","embeddable":true,"href":"http:\/\/sanignacioconcepcion.cl\/sitio\/wp-json\/wp\/v2\/tags?post=2954"}],"curies":[{"name":"wp","href":"https:\/\/api.w.org\/{rel}","templated":true}]}}