{"id":2960,"date":"2021-07-15T12:46:26","date_gmt":"2021-07-15T12:46:26","guid":{"rendered":"http:\/\/sanignacioconcepcion.cl\/sitio\/?p=2960"},"modified":"2021-08-10T14:37:07","modified_gmt":"2021-08-10T14:37:07","slug":"celebracion-semana-ignaciana","status":"publish","type":"post","link":"http:\/\/sanignacioconcepcion.cl\/sitio\/celebracion-semana-ignaciana\/","title":{"rendered":"Celebraci\u00f3n Semana Ignaciana"},"content":{"rendered":"<p class=\"p1\">Los d\u00edas 12, 13 y 14 de julio, celebramos nuestra Semana Ignaciana. Roma celebr\u00f3 los tres d\u00edas, en tanto Loyola y Manresa lo hizo los d\u00edas 13 y 14. Cada Ciclo organiz\u00f3 diversas actividades para esta festividad, coordinadas por los Centros de Alumnos y profesores.<\/p>\n<p class=\"p1\">Las actividades de la comunidad educativa se desarrollaron de manera virtual. Los estudiantes pudieron disfrutar de los talleres de dibujo, cocina, reciclaje, anim\u00e9, desaf\u00edo Tik Tok, entre otros encuentros programados.<span class=\"Apple-converted-space\">\u00a0<\/span><\/p>\n<p class=\"p1\">El CASI Roma, quienes estuvieron los tres d\u00edas celebrando, se\u00f1al\u00f3 que la semana ignaciana super\u00f3 sus expectativas; \u201cno pensamos que tendr\u00edamos tanto apoyo por parte del alumnado. En general, todas las actividades se realizaron de forma amena y no hubo ning\u00fan problema mayor que afectara la armon\u00eda, ni realizaci\u00f3n de la festividad. Como sabemos, es muy dif\u00edcil comunicarse con los cursos m\u00e1s peque\u00f1os, pero estuvieron muy motivados a participar en todo. Las tres alianzas fueron part\u00edcipe de todas las actividades que se realizaron. Nos sentimos felices de haber cumplido la meta que era hacer que los alumnos y alumnas de nuestro colegio sean integrados e integradas en una celebraci\u00f3n tan ic\u00f3nica como lo son las alianzas.<br \/>\nAgradecemos a todos los estudiantes por su entusiasmo y participaci\u00f3n\u201d.<span class=\"Apple-converted-space\">\u00a0<\/span><\/p>\n<p>Por su parte, el presidente del CASI Manresa, el estudiante Alonso Salazar se\u00f1al\u00f3 que; \u00abl aniversario de este a\u00f1o, fue distinto a los anteriores, pero eso no nos impidi\u00f3 divertirnos. Desde principios de a\u00f1o, estuvimos pensando en actividades, en los talleres, juegos, actividades en que todos pudieran disfrutar aunque estuvi\u00e9ramos de forma virtual. Espero hayan disfrutado participando, tanto como nosotros en realizar las actividades, sabemos lo que se esforzaron en los concursos. Fue un gran aniversario, y probablemente, pronto podremos volver a reunirnos de manera presencial, venceremos a este bicho y no se dar\u00e1n ni cuenta cuando ya estemos todos juntos de vuelta\u00bb. <a href=\"https:\/\/photos.app.goo.gl\/JVzFitfix28dTjm79\">ver fotos<\/a><\/p>\n","protected":false},"excerpt":{"rendered":"<p>Los d\u00edas 12, 13 y 14 de julio, celebramos nuestra Semana Ignaciana. Roma celebr\u00f3 los tres d\u00edas, en tanto Loyola y Manresa lo hizo los d\u00edas 13 y 14. Cada Ciclo organiz\u00f3 diversas actividades para esta festividad, coordinadas por los Centros de Alumnos y profesores. Las actividades de la comunidad educativa se desarrollaron de manera&hellip;<\/p>\n","protected":false},"author":1,"featured_media":2961,"comment_status":"closed","ping_status":"closed","sticky":false,"template":"","format":"standard","meta":[],"categories":[4],"tags":[],"_links":{"self":[{"href":"http:\/\/sanignacioconcepcion.cl\/sitio\/wp-json\/wp\/v2\/posts\/2960"}],"collection":[{"href":"http:\/\/sanignacioconcepcion.cl\/sitio\/wp-json\/wp\/v2\/posts"}],"about":[{"href":"http:\/\/sanignacioconcepcion.cl\/sitio\/wp-json\/wp\/v2\/types\/post"}],"author":[{"embeddable":true,"href":"http:\/\/sanignacioconcepcion.cl\/sitio\/wp-json\/wp\/v2\/users\/1"}],"replies":[{"embeddable":true,"href":"http:\/\/sanignacioconcepcion.cl\/sitio\/wp-json\/wp\/v2\/comments?post=2960"}],"version-history":[{"count":1,"href":"http:\/\/sanignacioconcepcion.cl\/sitio\/wp-json\/wp\/v2\/posts\/2960\/revisions"}],"predecessor-version":[{"id":2962,"href":"http:\/\/sanignacioconcepcion.cl\/sitio\/wp-json\/wp\/v2\/posts\/2960\/revisions\/2962"}],"wp:featuredmedia":[{"embeddable":true,"href":"http:\/\/sanignacioconcepcion.cl\/sitio\/wp-json\/wp\/v2\/media\/2961"}],"wp:attachment":[{"href":"http:\/\/sanignacioconcepcion.cl\/sitio\/wp-json\/wp\/v2\/media?parent=2960"}],"wp:term":[{"taxonomy":"category","embeddable":true,"href":"http:\/\/sanignacioconcepcion.cl\/sitio\/wp-json\/wp\/v2\/categories?post=2960"},{"taxonomy":"post_tag","embeddable":true,"href":"http:\/\/sanignacioconcepcion.cl\/sitio\/wp-json\/wp\/v2\/tags?post=2960"}],"curies":[{"name":"wp","href":"https:\/\/api.w.org\/{rel}","templated":true}]}}