{"id":2963,"date":"2021-08-02T14:37:57","date_gmt":"2021-08-02T14:37:57","guid":{"rendered":"http:\/\/sanignacioconcepcion.cl\/sitio\/?p=2963"},"modified":"2021-08-10T15:02:48","modified_gmt":"2021-08-10T15:02:48","slug":"eucaristia-de-celebracion-dia-de-san-ignacio-de-loyola","status":"publish","type":"post","link":"http:\/\/sanignacioconcepcion.cl\/sitio\/eucaristia-de-celebracion-dia-de-san-ignacio-de-loyola\/","title":{"rendered":"Eucarist\u00eda de celebraci\u00f3n D\u00eda de San Ignacio de Loyola"},"content":{"rendered":"<p class=\"p1\">El 31 de julio, como es tradicional, se realiz\u00f3 la Eucarist\u00eda de la Red Apost\u00f3lica Ignaciana (RAI), con motivo de la celebraci\u00f3n del d\u00eda de San Ignacio de Loyola.<\/p>\n<p>La actividad fue presidida por el Padre Juan Pablo Moyano SJ, Capell\u00e1n de nuestro Colegio y fue transmitida en directo desde la Capilla del Colegio, a trav\u00e9s de Facebook y Youtube.<\/p>\n<p>Al lugar, asistieron representantes de cada obra: S\u00famate, Infocap, Hogar de Cristo, CVX Secundaria, CVX J\u00f3venes, CVX adulta, SIC, MEJ y Red Mundial de Oraci\u00f3n del Papa. Lo anterior, respetando los aforos permitidos y cuidados correspondientes.<br \/>\nLa celebraci\u00f3n estuvo inspirada por el a\u00f1o ignaciano <i>en que recordamos y nos dejamos interpelar por esa experiencia de San Ignacio de la bala de ca\u00f1\u00f3n en Pamplona y la conversi\u00f3n que se produjo desde ah\u00ed. Hace 500 a\u00f1os I\u00f1igo de Loyola abri\u00f3 sus sentidos y mir\u00f3 con ojos nuevos su realidad.<\/i><\/p>\n<p class=\"p1\">En la homil\u00eda se invit\u00f3 a reflexionar sobre la pregunta \u00bfqu\u00e9 se nos est\u00e1 invitando a ver con nuevos ojos en nuestro pa\u00eds?, respondiendo a esta interrogante la representante de CVX Adulto, Emiliana Young, junto al P. Carlos Bresciani SJ, desde Tir\u00faa.<br \/>\nDurante la oraci\u00f3n universal, un representante de cada obra present\u00f3 sus oraciones en un papel\u00f3grafo, alguna de ellas fueron; \u201cPedimos a Dios ojos nuevos para ver: con amor, respeto y dignidad a mi pr\u00f3jimo, \u2026para ver la tormenta de otros, para ver con ternura compasi\u00f3n y misericordia a nuestros hermanos excluidos e invisibilizados en nuestra sociedad\u201d.<span class=\"Apple-converted-space\">\u00a0 <a href=\"https:\/\/photos.app.goo.gl\/z4deM7Brw16jpgRg9\">ver fotos<\/a><\/span><\/p>\n","protected":false},"excerpt":{"rendered":"<p>El 31 de julio, como es tradicional, se realiz\u00f3 la Eucarist\u00eda de la Red Apost\u00f3lica Ignaciana (RAI), con motivo de la celebraci\u00f3n del d\u00eda de San Ignacio de Loyola. La actividad fue presidida por el Padre Juan Pablo Moyano SJ, Capell\u00e1n de nuestro Colegio y fue transmitida en directo desde la Capilla del Colegio, a&hellip;<\/p>\n","protected":false},"author":1,"featured_media":2965,"comment_status":"closed","ping_status":"closed","sticky":false,"template":"","format":"standard","meta":[],"categories":[4],"tags":[],"_links":{"self":[{"href":"http:\/\/sanignacioconcepcion.cl\/sitio\/wp-json\/wp\/v2\/posts\/2963"}],"collection":[{"href":"http:\/\/sanignacioconcepcion.cl\/sitio\/wp-json\/wp\/v2\/posts"}],"about":[{"href":"http:\/\/sanignacioconcepcion.cl\/sitio\/wp-json\/wp\/v2\/types\/post"}],"author":[{"embeddable":true,"href":"http:\/\/sanignacioconcepcion.cl\/sitio\/wp-json\/wp\/v2\/users\/1"}],"replies":[{"embeddable":true,"href":"http:\/\/sanignacioconcepcion.cl\/sitio\/wp-json\/wp\/v2\/comments?post=2963"}],"version-history":[{"count":1,"href":"http:\/\/sanignacioconcepcion.cl\/sitio\/wp-json\/wp\/v2\/posts\/2963\/revisions"}],"predecessor-version":[{"id":2966,"href":"http:\/\/sanignacioconcepcion.cl\/sitio\/wp-json\/wp\/v2\/posts\/2963\/revisions\/2966"}],"wp:featuredmedia":[{"embeddable":true,"href":"http:\/\/sanignacioconcepcion.cl\/sitio\/wp-json\/wp\/v2\/media\/2965"}],"wp:attachment":[{"href":"http:\/\/sanignacioconcepcion.cl\/sitio\/wp-json\/wp\/v2\/media?parent=2963"}],"wp:term":[{"taxonomy":"category","embeddable":true,"href":"http:\/\/sanignacioconcepcion.cl\/sitio\/wp-json\/wp\/v2\/categories?post=2963"},{"taxonomy":"post_tag","embeddable":true,"href":"http:\/\/sanignacioconcepcion.cl\/sitio\/wp-json\/wp\/v2\/tags?post=2963"}],"curies":[{"name":"wp","href":"https:\/\/api.w.org\/{rel}","templated":true}]}}