{"id":2970,"date":"2021-08-09T15:22:35","date_gmt":"2021-08-09T15:22:35","guid":{"rendered":"http:\/\/sanignacioconcepcion.cl\/sitio\/?p=2970"},"modified":"2021-08-10T15:31:14","modified_gmt":"2021-08-10T15:31:14","slug":"jornada-de-actualizacion-pei-2021","status":"publish","type":"post","link":"http:\/\/sanignacioconcepcion.cl\/sitio\/jornada-de-actualizacion-pei-2021\/","title":{"rendered":"Jornada de Actualizaci\u00f3n PEI 2021"},"content":{"rendered":"<p class=\"p1\">El s\u00e1bado 7 de agosto se desarroll\u00f3 la Jornada de Actualizaci\u00f3n del PEI 2021, que reuni\u00f3 a educadores, apoderados y estudiantes de manera presencial en nuestro Colegio. El grupo fue invitado a ser parte de una etapa m\u00e1s de este proceso que comenzamos a principios de este a\u00f1o.<\/p>\n<p>Fue un jornada de mucho di\u00e1logo y trabajo en torno a la Visi\u00f3n, Misi\u00f3n y los Perfiles, iniciando la jornada con una breve presentaci\u00f3n y expectativa del encuentro.<span class=\"Apple-converted-space\">\u00a0 <\/span>Posteriormente los invitados trabajaron en grupos, para finalmente presentar la \u201cre-escritura\u201d de Visi\u00f3n\/Misi\u00f3n y luego trabajar en un esquema con los perfiles.<\/p>\n<p>Al finalizar, nos reunimos en la capilla de nuestro Colegio, para compartir la experiencia en la jornada, donde nuestra Rectora se\u00f1al\u00f3 que; \u201cnos vamos con otros sentimientos, luego de esta conversaci\u00f3n, de escuchar tambi\u00e9n la mirada de los\/las j\u00f3venes, de los pap\u00e1s y educadores que nos enriquece, esa mezcla siempre es virtuosa y muy bonita\u201d.<\/p>\n<p>Por su parte la apoderada Patricia Bustos asegur\u00f3 finalizar esta jornada muy feliz; \u201cfue una buena conversa, me encant\u00f3 que desde la diversidad del grupo se dieron cosas muy buenas en t\u00e9rminos de resultados, agradezco la participaci\u00f3n del grupo y del espacio de poder construir la imagen del colegio que queremos\u201d.<\/p>\n<p>Nuestro profesor Antonio Painemal coincidi\u00f3 con el resto de los participantes, al finalizar este encuentro con mucha alegr\u00eda: \u201cme voy con el coraz\u00f3n muy contento, el Se\u00f1or estuvo con nosotros en la construcci\u00f3n de este sue\u00f1o que tenemos. Ver la posibilidad de ser parte de esto, es algo que en lo personal me motiva mucho\u201d.<\/p>\n<p class=\"p1\">Es importante se\u00f1alar que el proceso de la actualizaci\u00f3n del PEI, es el que nos permitir\u00e1 seguir avanzando en el camino hacia la gratuidad, el <b>que comenz\u00f3 concretamente postulando a la Ley SEP el lunes 9 de agosto. <\/b>Para formalizar nuestro ingreso, durante los mes de noviembre y diciembre la Secretaria Regional Ministerial del B\u00edo-B\u00edo nos citar\u00e1 a firmar el Convenio de Igualdad de Oportunidades y Excelencia Educativa.<\/p>\n<p class=\"p1\">Seguimos avanzando en este gran desaf\u00edo y los animamos a participar activamente de este proceso. <a href=\"https:\/\/photos.app.goo.gl\/5FSbGhMww19dpVMG6\">ver fotos<\/a><\/p>\n","protected":false},"excerpt":{"rendered":"<p>El s\u00e1bado 7 de agosto se desarroll\u00f3 la Jornada de Actualizaci\u00f3n del PEI 2021, que reuni\u00f3 a educadores, apoderados y estudiantes de manera presencial en nuestro Colegio. El grupo fue invitado a ser parte de una etapa m\u00e1s de este proceso que comenzamos a principios de este a\u00f1o. Fue un jornada de mucho di\u00e1logo y&hellip;<\/p>\n","protected":false},"author":1,"featured_media":2971,"comment_status":"closed","ping_status":"closed","sticky":false,"template":"","format":"standard","meta":[],"categories":[4],"tags":[],"_links":{"self":[{"href":"http:\/\/sanignacioconcepcion.cl\/sitio\/wp-json\/wp\/v2\/posts\/2970"}],"collection":[{"href":"http:\/\/sanignacioconcepcion.cl\/sitio\/wp-json\/wp\/v2\/posts"}],"about":[{"href":"http:\/\/sanignacioconcepcion.cl\/sitio\/wp-json\/wp\/v2\/types\/post"}],"author":[{"embeddable":true,"href":"http:\/\/sanignacioconcepcion.cl\/sitio\/wp-json\/wp\/v2\/users\/1"}],"replies":[{"embeddable":true,"href":"http:\/\/sanignacioconcepcion.cl\/sitio\/wp-json\/wp\/v2\/comments?post=2970"}],"version-history":[{"count":1,"href":"http:\/\/sanignacioconcepcion.cl\/sitio\/wp-json\/wp\/v2\/posts\/2970\/revisions"}],"predecessor-version":[{"id":2972,"href":"http:\/\/sanignacioconcepcion.cl\/sitio\/wp-json\/wp\/v2\/posts\/2970\/revisions\/2972"}],"wp:featuredmedia":[{"embeddable":true,"href":"http:\/\/sanignacioconcepcion.cl\/sitio\/wp-json\/wp\/v2\/media\/2971"}],"wp:attachment":[{"href":"http:\/\/sanignacioconcepcion.cl\/sitio\/wp-json\/wp\/v2\/media?parent=2970"}],"wp:term":[{"taxonomy":"category","embeddable":true,"href":"http:\/\/sanignacioconcepcion.cl\/sitio\/wp-json\/wp\/v2\/categories?post=2970"},{"taxonomy":"post_tag","embeddable":true,"href":"http:\/\/sanignacioconcepcion.cl\/sitio\/wp-json\/wp\/v2\/tags?post=2970"}],"curies":[{"name":"wp","href":"https:\/\/api.w.org\/{rel}","templated":true}]}}