{"id":2976,"date":"2021-08-10T16:01:41","date_gmt":"2021-08-10T16:01:41","guid":{"rendered":"http:\/\/sanignacioconcepcion.cl\/sitio\/?p=2976"},"modified":"2021-08-10T16:11:36","modified_gmt":"2021-08-10T16:11:36","slug":"nos-volvemos-a-encontrar-de-manera-presencial-en-nuestra-misa-dominical","status":"publish","type":"post","link":"http:\/\/sanignacioconcepcion.cl\/sitio\/nos-volvemos-a-encontrar-de-manera-presencial-en-nuestra-misa-dominical\/","title":{"rendered":"Nos volvemos a encontrar, de manera presencial, en nuestra Misa dominical"},"content":{"rendered":"<p class=\"p1\">Cerca de 40 personas se reunieron con mucho entusiasmo en nuestra capilla para participar de la primera Misa de la comunidad realizada el pasado 8 de agosto.<\/p>\n<p class=\"p1\">Para respetar todas las medidas de seguridad y aforo, los participantes se inscribieron previamente.<\/p>\n<p class=\"p1\">Los animamos a participar de nuestra misa dominical y a inscribirse en un formulario que estar\u00e1 dispuesto d\u00edas antes de la celebraci\u00f3n en nuestro sitio web.<\/p>\n<p class=\"p1\">Igualmente, les recordamos que la misa seguir\u00e1 siendo transmitida por nuestra cuenta de Facebook:<br \/>\n<a href=\"http:\/\/www.facebook.com\/SanIgnacioConcepcion\"><span class=\"s1\">www.facebook.com\/SanIgnacioConcepcion<\/span><\/a><span class=\"Apple-converted-space\">\u00a0<\/span><\/p>\n<p><a href=\"https:\/\/photos.app.goo.gl\/wsHHmNMRtk85LWy68\">ver fotos<\/a><\/p>\n","protected":false},"excerpt":{"rendered":"<p>Cerca de 40 personas se reunieron con mucho entusiasmo en nuestra capilla para participar de la primera Misa de la comunidad realizada el pasado 8 de agosto. Para respetar todas las medidas de seguridad y aforo, los participantes se inscribieron previamente. Los animamos a participar de nuestra misa dominical y a inscribirse en un formulario&hellip;<\/p>\n","protected":false},"author":1,"featured_media":2977,"comment_status":"closed","ping_status":"closed","sticky":false,"template":"","format":"standard","meta":[],"categories":[4],"tags":[],"_links":{"self":[{"href":"http:\/\/sanignacioconcepcion.cl\/sitio\/wp-json\/wp\/v2\/posts\/2976"}],"collection":[{"href":"http:\/\/sanignacioconcepcion.cl\/sitio\/wp-json\/wp\/v2\/posts"}],"about":[{"href":"http:\/\/sanignacioconcepcion.cl\/sitio\/wp-json\/wp\/v2\/types\/post"}],"author":[{"embeddable":true,"href":"http:\/\/sanignacioconcepcion.cl\/sitio\/wp-json\/wp\/v2\/users\/1"}],"replies":[{"embeddable":true,"href":"http:\/\/sanignacioconcepcion.cl\/sitio\/wp-json\/wp\/v2\/comments?post=2976"}],"version-history":[{"count":2,"href":"http:\/\/sanignacioconcepcion.cl\/sitio\/wp-json\/wp\/v2\/posts\/2976\/revisions"}],"predecessor-version":[{"id":2979,"href":"http:\/\/sanignacioconcepcion.cl\/sitio\/wp-json\/wp\/v2\/posts\/2976\/revisions\/2979"}],"wp:featuredmedia":[{"embeddable":true,"href":"http:\/\/sanignacioconcepcion.cl\/sitio\/wp-json\/wp\/v2\/media\/2977"}],"wp:attachment":[{"href":"http:\/\/sanignacioconcepcion.cl\/sitio\/wp-json\/wp\/v2\/media?parent=2976"}],"wp:term":[{"taxonomy":"category","embeddable":true,"href":"http:\/\/sanignacioconcepcion.cl\/sitio\/wp-json\/wp\/v2\/categories?post=2976"},{"taxonomy":"post_tag","embeddable":true,"href":"http:\/\/sanignacioconcepcion.cl\/sitio\/wp-json\/wp\/v2\/tags?post=2976"}],"curies":[{"name":"wp","href":"https:\/\/api.w.org\/{rel}","templated":true}]}}