{"id":3084,"date":"2021-08-20T20:50:15","date_gmt":"2021-08-20T20:50:15","guid":{"rendered":"http:\/\/sanignacioconcepcion.cl\/sitio\/?p=3084"},"modified":"2021-08-20T20:50:15","modified_gmt":"2021-08-20T20:50:15","slug":"listado-de-grupos-asistencia-presencial","status":"publish","type":"post","link":"http:\/\/sanignacioconcepcion.cl\/sitio\/listado-de-grupos-asistencia-presencial\/","title":{"rendered":"Listado de Grupos &#8211; Asistencia Presencial"},"content":{"rendered":"<h4>Querida Comunidad Ignaciana:<\/h4>\n<h4>Dejamos a su disposici\u00f3n la lista de asistencia presencial de los grupos de estudiantes en el formato h\u00edbrido.<\/h4>\n<h4>Les recordamos que a partir del <strong>lunes 23 de agosto,<\/strong> dado el cambio en los aforos por salas, los grupos ser\u00e1n dos.<\/h4>\n<ul>\n<li>\n<h4><strong>Importante:<\/strong> Algunos estudiantes est\u00e1n autorizados para asistir de manera permanente a pesar de no verse reflejados en las n\u00f3minas, puesto que su asistencia depender\u00e1 del aforo diario. Cualquier duda, consulta o inquietud enviar correo a las directoras de ciclo correspondiente.<\/h4>\n<\/li>\n<\/ul>\n<p>&nbsp;<\/p>\n<ul>\n<li>\n<h4><strong>Listas de grupos:\u00a0<\/strong><\/h4>\n<\/li>\n<\/ul>\n<table style=\"height: 367px;\" width=\"872\">\n<tbody>\n<tr>\n<td width=\"91\">\n<h4><a href=\"http:\/\/sanignacioconcepcion.cl\/sitio\/wp-content\/uploads\/2021\/08\/GRUPOS-4MEDIOS-AGOSTO.pdf\">4tos medios<\/a><\/h4>\n<\/td>\n<td width=\"96\">\n<h4><a href=\"http:\/\/sanignacioconcepcion.cl\/sitio\/wp-content\/uploads\/2021\/08\/GRUPOS-3MEDIOS-AGOSTO.pdf\">3ros medios<\/a><\/h4>\n<\/td>\n<td width=\"92\">\n<h4><a href=\"http:\/\/sanignacioconcepcion.cl\/sitio\/wp-content\/uploads\/2021\/08\/GRUPOS-2MEDIO-AGOSTO.pdf\">2dos medios<\/a><\/h4>\n<\/td>\n<td width=\"87\">\n<h4><a href=\"http:\/\/sanignacioconcepcion.cl\/sitio\/wp-content\/uploads\/2021\/08\/GRUPOS-1MEDIOS-AGOSTO.pdf\">1ros medios<\/a><\/h4>\n<\/td>\n<\/tr>\n<tr>\n<td>\n<h4><a href=\"http:\/\/sanignacioconcepcion.cl\/sitio\/wp-content\/uploads\/2021\/08\/GRUPOS-8VOS-AGOSTO.pdf\">8vos b\u00e1sicos<\/a><\/h4>\n<\/td>\n<td>\n<h4><a href=\"http:\/\/sanignacioconcepcion.cl\/sitio\/wp-content\/uploads\/2021\/08\/GRUPOS-7MOS-AGOSTO.pdf\">7mos b\u00e1sicos<\/a><\/h4>\n<\/td>\n<td>\n<h4><a href=\"http:\/\/sanignacioconcepcion.cl\/sitio\/wp-content\/uploads\/2021\/08\/GRUPOS-6BASICOS-AGOSTO.pdf\">6tos b\u00e1sicos<\/a><\/h4>\n<\/td>\n<td>\n<h4><a href=\"http:\/\/sanignacioconcepcion.cl\/sitio\/wp-content\/uploads\/2021\/08\/GRUPOS-5BASICOS-AGOSTO.pdf\">5tos b\u00e1sicos<\/a><\/h4>\n<\/td>\n<\/tr>\n<tr>\n<td>\n<h4><a href=\"http:\/\/sanignacioconcepcion.cl\/sitio\/wp-content\/uploads\/2021\/08\/GRUPOS-4BASICOS-AGOSTO.pdf\">4tos b\u00e1sicos<\/a><\/h4>\n<\/td>\n<td>\n<h4><a href=\"http:\/\/sanignacioconcepcion.cl\/sitio\/wp-content\/uploads\/2021\/08\/GRUPOS-3BASICO-AGOSTO-V2.pdf\">3ros b\u00e1sicos<\/a><\/h4>\n<\/td>\n<td>\n<h4><a href=\"http:\/\/sanignacioconcepcion.cl\/sitio\/wp-content\/uploads\/2021\/08\/GRUPOS-2BASICOS-AGOSTO.pdf\">2dos b\u00e1sicos<\/a><\/h4>\n<\/td>\n<td>\n<h4><a href=\"http:\/\/sanignacioconcepcion.cl\/sitio\/wp-content\/uploads\/2021\/08\/GRUPOS-1BASICOS-AGOSTO-V2.pdf\">1ros b\u00e1sicos<\/a><\/h4>\n<\/td>\n<\/tr>\n<tr>\n<td>\n<h4><a href=\"http:\/\/sanignacioconcepcion.cl\/sitio\/wp-content\/uploads\/2021\/08\/GGRUPOS-KINDER-AGOSTO.pdf\">Kinder<\/a><\/h4>\n<\/td>\n<td>\n<h4><a href=\"http:\/\/sanignacioconcepcion.cl\/sitio\/wp-content\/uploads\/2021\/08\/GRUPOS-PREKINDER-AGOSTO.pdf\">Pre K\u00ednder<\/a><\/h4>\n<\/td>\n<td><\/td>\n<\/tr>\n<\/tbody>\n<\/table>\n","protected":false},"excerpt":{"rendered":"<p>Querida Comunidad Ignaciana: Dejamos a su disposici\u00f3n la lista de asistencia presencial de los grupos de estudiantes en el formato h\u00edbrido. Les recordamos que a partir del lunes 23 de agosto, dado el cambio en los aforos por salas, los grupos ser\u00e1n dos. Importante: Algunos estudiantes est\u00e1n autorizados para asistir de manera permanente a pesar&hellip;<\/p>\n","protected":false},"author":1,"featured_media":0,"comment_status":"closed","ping_status":"closed","sticky":false,"template":"","format":"standard","meta":[],"categories":[3],"tags":[],"_links":{"self":[{"href":"http:\/\/sanignacioconcepcion.cl\/sitio\/wp-json\/wp\/v2\/posts\/3084"}],"collection":[{"href":"http:\/\/sanignacioconcepcion.cl\/sitio\/wp-json\/wp\/v2\/posts"}],"about":[{"href":"http:\/\/sanignacioconcepcion.cl\/sitio\/wp-json\/wp\/v2\/types\/post"}],"author":[{"embeddable":true,"href":"http:\/\/sanignacioconcepcion.cl\/sitio\/wp-json\/wp\/v2\/users\/1"}],"replies":[{"embeddable":true,"href":"http:\/\/sanignacioconcepcion.cl\/sitio\/wp-json\/wp\/v2\/comments?post=3084"}],"version-history":[{"count":2,"href":"http:\/\/sanignacioconcepcion.cl\/sitio\/wp-json\/wp\/v2\/posts\/3084\/revisions"}],"predecessor-version":[{"id":3086,"href":"http:\/\/sanignacioconcepcion.cl\/sitio\/wp-json\/wp\/v2\/posts\/3084\/revisions\/3086"}],"wp:attachment":[{"href":"http:\/\/sanignacioconcepcion.cl\/sitio\/wp-json\/wp\/v2\/media?parent=3084"}],"wp:term":[{"taxonomy":"category","embeddable":true,"href":"http:\/\/sanignacioconcepcion.cl\/sitio\/wp-json\/wp\/v2\/categories?post=3084"},{"taxonomy":"post_tag","embeddable":true,"href":"http:\/\/sanignacioconcepcion.cl\/sitio\/wp-json\/wp\/v2\/tags?post=3084"}],"curies":[{"name":"wp","href":"https:\/\/api.w.org\/{rel}","templated":true}]}}