{"id":3307,"date":"2021-09-11T15:07:07","date_gmt":"2021-09-11T15:07:07","guid":{"rendered":"http:\/\/sanignacioconcepcion.cl\/sitio\/?p=3307"},"modified":"2021-09-11T15:07:07","modified_gmt":"2021-09-11T15:07:07","slug":"presentacion-grupo-de-proyeccion-folclorica-brotes-de-san-ignacio","status":"publish","type":"post","link":"http:\/\/sanignacioconcepcion.cl\/sitio\/presentacion-grupo-de-proyeccion-folclorica-brotes-de-san-ignacio\/","title":{"rendered":"Presentaci\u00f3n Grupo de proyecci\u00f3n Folcl\u00f3rica \u00abBrotes de San Ignacio\u00bb"},"content":{"rendered":"<div class=\"kvgmc6g5 cxmmr5t8 oygrvhab hcukyx3x c1et5uql ii04i59q\">\n<div dir=\"auto\">Compartimos con ustedes una presentaci\u00f3n del Grupo de Proyecci\u00f3n Folkl\u00f3rica Brotes del San Ignacio, \u00abPalomo Fiel\u00bb y \u00abla Cosecha\u00bb<\/div>\n<div dir=\"auto\"><\/div>\n<\/div>\n<div class=\"o9v6fnle cxmmr5t8 oygrvhab hcukyx3x c1et5uql ii04i59q\">\n<div dir=\"auto\">Les recordamos que la agrupaci\u00f3n est\u00e1 integrada por apoderados de nuestro Colegio.<\/div>\n<div dir=\"auto\"><\/div>\n<\/div>\n<div class=\"o9v6fnle cxmmr5t8 oygrvhab hcukyx3x c1et5uql ii04i59q\">\n<div dir=\"auto\">Los invitamos a disfrutar de esta gran presentaci\u00f3n musical con motivo de nuestras Fiestas Patrias <span class=\"pq6dq46d tbxw36s4 knj5qynh kvgmc6g5 ditlmg2l oygrvhab nvdbi5me sf5mxxl7 gl3lb2sf hhz5lgdu\"><img loading=\"lazy\" src=\"https:\/\/static.xx.fbcdn.net\/images\/emoji.php\/v9\/t23\/2\/16\/1f1e8_1f1f1.png\" alt=\"??\" width=\"16\" height=\"16\" \/><\/span><\/div>\n<\/div>\n<div dir=\"auto\"><\/div>\n<div dir=\"auto\">\n<p><iframe loading=\"lazy\" title=\"YouTube video player\" src=\"https:\/\/www.youtube.com\/embed\/xM8YAVQUqR0\" width=\"560\" height=\"315\" frameborder=\"0\" allowfullscreen=\"allowfullscreen\"><\/iframe><\/p>\n<\/div>\n<p><iframe loading=\"lazy\" title=\"YouTube video player\" src=\"https:\/\/www.youtube.com\/embed\/MR8kelHM-20\" width=\"560\" height=\"315\" frameborder=\"0\" allowfullscreen=\"allowfullscreen\"><\/iframe><\/p>\n","protected":false},"excerpt":{"rendered":"<p>Compartimos con ustedes una presentaci\u00f3n del Grupo de Proyecci\u00f3n Folkl\u00f3rica Brotes del San Ignacio, \u00abPalomo Fiel\u00bb y \u00abla Cosecha\u00bb Les recordamos que la agrupaci\u00f3n est\u00e1 integrada por apoderados de nuestro Colegio. Los invitamos a disfrutar de esta gran presentaci\u00f3n musical con motivo de nuestras Fiestas Patrias<\/p>\n","protected":false},"author":1,"featured_media":0,"comment_status":"closed","ping_status":"closed","sticky":false,"template":"","format":"standard","meta":[],"categories":[3],"tags":[],"_links":{"self":[{"href":"http:\/\/sanignacioconcepcion.cl\/sitio\/wp-json\/wp\/v2\/posts\/3307"}],"collection":[{"href":"http:\/\/sanignacioconcepcion.cl\/sitio\/wp-json\/wp\/v2\/posts"}],"about":[{"href":"http:\/\/sanignacioconcepcion.cl\/sitio\/wp-json\/wp\/v2\/types\/post"}],"author":[{"embeddable":true,"href":"http:\/\/sanignacioconcepcion.cl\/sitio\/wp-json\/wp\/v2\/users\/1"}],"replies":[{"embeddable":true,"href":"http:\/\/sanignacioconcepcion.cl\/sitio\/wp-json\/wp\/v2\/comments?post=3307"}],"version-history":[{"count":1,"href":"http:\/\/sanignacioconcepcion.cl\/sitio\/wp-json\/wp\/v2\/posts\/3307\/revisions"}],"predecessor-version":[{"id":3308,"href":"http:\/\/sanignacioconcepcion.cl\/sitio\/wp-json\/wp\/v2\/posts\/3307\/revisions\/3308"}],"wp:attachment":[{"href":"http:\/\/sanignacioconcepcion.cl\/sitio\/wp-json\/wp\/v2\/media?parent=3307"}],"wp:term":[{"taxonomy":"category","embeddable":true,"href":"http:\/\/sanignacioconcepcion.cl\/sitio\/wp-json\/wp\/v2\/categories?post=3307"},{"taxonomy":"post_tag","embeddable":true,"href":"http:\/\/sanignacioconcepcion.cl\/sitio\/wp-json\/wp\/v2\/tags?post=3307"}],"curies":[{"name":"wp","href":"https:\/\/api.w.org\/{rel}","templated":true}]}}