{"id":3427,"date":"2021-08-28T17:35:58","date_gmt":"2021-08-28T17:35:58","guid":{"rendered":"http:\/\/sanignacioconcepcion.cl\/sitio\/?p=3427"},"modified":"2021-09-28T17:38:33","modified_gmt":"2021-09-28T17:38:33","slug":"ejercicios-espirituales-un-encuentro-personal-con-jesucristo","status":"publish","type":"post","link":"http:\/\/sanignacioconcepcion.cl\/sitio\/ejercicios-espirituales-un-encuentro-personal-con-jesucristo\/","title":{"rendered":"Ejercicios Espirituales \u201cUn encuentro personal con Jesucristo\u201d"},"content":{"rendered":"<p class=\"p2\">Durante los d\u00edas mi\u00e9rcoles 25 y jueves 26 de agosto, se realizaron los Ejercicios Espirituales para estudiantes de IVo medio. Cinco ignacianos\/as participaron en esta experiencia donde el objetivo fue <b>profundizar en el encuentro personal con Jesucristo mediante la oraci\u00f3n ignaciana<\/b>.<span class=\"Apple-converted-space\">\u00a0<\/span><\/p>\n<p class=\"p2\">Los y las estudiantes comenzaron esta experiencia con una oraci\u00f3n personal que les permitiera re-conectar con el lugar, donde han vivido otros momentos de encuentro y oraci\u00f3n, la casa de retiro San Francisco Javier.<span class=\"Apple-converted-space\">\u00a0<\/span><\/p>\n<p class=\"p2\">Por medio de oraciones guiadas se fueron familiarizando con el modo ignaciano de hacer oraci\u00f3n y avanzando en espacios de oraci\u00f3n personal, los que buscaban ser un momento de reflexi\u00f3n.<span class=\"Apple-converted-space\">\u00a0<\/span><\/p>\n<p class=\"p2\">En el segundo d\u00eda tuvieron una actividad muy significativa; la \u00aboraci\u00f3n pl\u00e1stica\u201d, un trabajo art\u00edstico con arcilla en el cual crearon una figura bajo el t\u00edtulo \u00abLa imagen que Dios tiene de mi\u00bb. Posteriormente continuaron con el tema<span class=\"Apple-converted-space\">\u00a0<\/span><\/p>\n<p class=\"p2\">de la vocaci\u00f3n, reconociendo los talentos y dones; y junto a eso la misi\u00f3n a la que se sienten llamados por Dios. La jornada finaliz\u00f3 con una oraci\u00f3n dirigida por el padre Juan Pablo Valenzuela SJ.<span class=\"Apple-converted-space\">\u00a0<\/span><\/p>\n<p class=\"p2\">Gui\u00f3 este encuentro la Srta. Pamela Beltr\u00e1n, Coordinadora Pastoral del Ciclo Roma y el sacerdote Juan Pablo Valenzuela.<span class=\"Apple-converted-space\">\u00a0<\/span><\/p>\n","protected":false},"excerpt":{"rendered":"<p>Durante los d\u00edas mi\u00e9rcoles 25 y jueves 26 de agosto, se realizaron los Ejercicios Espirituales para estudiantes de IVo medio. Cinco ignacianos\/as participaron en esta experiencia donde el objetivo fue profundizar en el encuentro personal con Jesucristo mediante la oraci\u00f3n ignaciana.\u00a0 Los y las estudiantes comenzaron esta experiencia con una oraci\u00f3n personal que les permitiera&hellip;<\/p>\n","protected":false},"author":1,"featured_media":3428,"comment_status":"closed","ping_status":"closed","sticky":false,"template":"","format":"standard","meta":[],"categories":[4],"tags":[],"_links":{"self":[{"href":"http:\/\/sanignacioconcepcion.cl\/sitio\/wp-json\/wp\/v2\/posts\/3427"}],"collection":[{"href":"http:\/\/sanignacioconcepcion.cl\/sitio\/wp-json\/wp\/v2\/posts"}],"about":[{"href":"http:\/\/sanignacioconcepcion.cl\/sitio\/wp-json\/wp\/v2\/types\/post"}],"author":[{"embeddable":true,"href":"http:\/\/sanignacioconcepcion.cl\/sitio\/wp-json\/wp\/v2\/users\/1"}],"replies":[{"embeddable":true,"href":"http:\/\/sanignacioconcepcion.cl\/sitio\/wp-json\/wp\/v2\/comments?post=3427"}],"version-history":[{"count":1,"href":"http:\/\/sanignacioconcepcion.cl\/sitio\/wp-json\/wp\/v2\/posts\/3427\/revisions"}],"predecessor-version":[{"id":3429,"href":"http:\/\/sanignacioconcepcion.cl\/sitio\/wp-json\/wp\/v2\/posts\/3427\/revisions\/3429"}],"wp:featuredmedia":[{"embeddable":true,"href":"http:\/\/sanignacioconcepcion.cl\/sitio\/wp-json\/wp\/v2\/media\/3428"}],"wp:attachment":[{"href":"http:\/\/sanignacioconcepcion.cl\/sitio\/wp-json\/wp\/v2\/media?parent=3427"}],"wp:term":[{"taxonomy":"category","embeddable":true,"href":"http:\/\/sanignacioconcepcion.cl\/sitio\/wp-json\/wp\/v2\/categories?post=3427"},{"taxonomy":"post_tag","embeddable":true,"href":"http:\/\/sanignacioconcepcion.cl\/sitio\/wp-json\/wp\/v2\/tags?post=3427"}],"curies":[{"name":"wp","href":"https:\/\/api.w.org\/{rel}","templated":true}]}}