{"id":3459,"date":"2021-09-25T14:55:37","date_gmt":"2021-09-25T14:55:37","guid":{"rendered":"http:\/\/sanignacioconcepcion.cl\/sitio\/?p=3459"},"modified":"2021-09-30T14:59:32","modified_gmt":"2021-09-30T14:59:32","slug":"charla-prevencion-del-embarazo-adolescente","status":"publish","type":"post","link":"http:\/\/sanignacioconcepcion.cl\/sitio\/charla-prevencion-del-embarazo-adolescente\/","title":{"rendered":"Charla \u201cPrevenci\u00f3n del Embarazo adolescente\u201d"},"content":{"rendered":"<p class=\"p1\">Dentro del marco de la Semana de la Prevenci\u00f3n del Embarazo Adolescente y con el fin de guiar y educar a estudiantes del 3ro medio A sobre educaci\u00f3n sexual, la Universidad Andr\u00e9s Bello realiz\u00f3 una charla sobre la prevenci\u00f3n del embarazo adolescente.<\/p>\n<p>La charla, realizada por estudiantes de medicina de dicha casa de estudios, abord\u00f3 la importancia del cuidado, de la prevenci\u00f3n y de los m\u00e9todos que se pueden utilizar para evitar el embarazo adolescente, enfatizando en la responsabilidad y lo consciente que deben ser los j\u00f3venes en cuanto a su sexualidad, a la prevenci\u00f3n no solo del embarazo sino tambi\u00e9n de las enfermedades de transmisi\u00f3n sexual.<\/p>\n<p>La actividad que se enmarca dentro del Programa de Afectividad y G\u00e9nero, se realiz\u00f3 en formato h\u00edbrido y cont\u00f3 con la asistencia completa.<span class=\"Apple-converted-space\">\u00a0<\/span><\/p>\n","protected":false},"excerpt":{"rendered":"<p>Dentro del marco de la Semana de la Prevenci\u00f3n del Embarazo Adolescente y con el fin de guiar y educar a estudiantes del 3ro medio A sobre educaci\u00f3n sexual, la Universidad Andr\u00e9s Bello realiz\u00f3 una charla sobre la prevenci\u00f3n del embarazo adolescente. La charla, realizada por estudiantes de medicina de dicha casa de estudios, abord\u00f3&hellip;<\/p>\n","protected":false},"author":1,"featured_media":3460,"comment_status":"closed","ping_status":"closed","sticky":false,"template":"","format":"standard","meta":[],"categories":[4],"tags":[],"_links":{"self":[{"href":"http:\/\/sanignacioconcepcion.cl\/sitio\/wp-json\/wp\/v2\/posts\/3459"}],"collection":[{"href":"http:\/\/sanignacioconcepcion.cl\/sitio\/wp-json\/wp\/v2\/posts"}],"about":[{"href":"http:\/\/sanignacioconcepcion.cl\/sitio\/wp-json\/wp\/v2\/types\/post"}],"author":[{"embeddable":true,"href":"http:\/\/sanignacioconcepcion.cl\/sitio\/wp-json\/wp\/v2\/users\/1"}],"replies":[{"embeddable":true,"href":"http:\/\/sanignacioconcepcion.cl\/sitio\/wp-json\/wp\/v2\/comments?post=3459"}],"version-history":[{"count":1,"href":"http:\/\/sanignacioconcepcion.cl\/sitio\/wp-json\/wp\/v2\/posts\/3459\/revisions"}],"predecessor-version":[{"id":3461,"href":"http:\/\/sanignacioconcepcion.cl\/sitio\/wp-json\/wp\/v2\/posts\/3459\/revisions\/3461"}],"wp:featuredmedia":[{"embeddable":true,"href":"http:\/\/sanignacioconcepcion.cl\/sitio\/wp-json\/wp\/v2\/media\/3460"}],"wp:attachment":[{"href":"http:\/\/sanignacioconcepcion.cl\/sitio\/wp-json\/wp\/v2\/media?parent=3459"}],"wp:term":[{"taxonomy":"category","embeddable":true,"href":"http:\/\/sanignacioconcepcion.cl\/sitio\/wp-json\/wp\/v2\/categories?post=3459"},{"taxonomy":"post_tag","embeddable":true,"href":"http:\/\/sanignacioconcepcion.cl\/sitio\/wp-json\/wp\/v2\/tags?post=3459"}],"curies":[{"name":"wp","href":"https:\/\/api.w.org\/{rel}","templated":true}]}}