{"id":3462,"date":"2021-09-26T14:59:55","date_gmt":"2021-09-26T14:59:55","guid":{"rendered":"http:\/\/sanignacioconcepcion.cl\/sitio\/?p=3462"},"modified":"2021-09-30T15:04:12","modified_gmt":"2021-09-30T15:04:12","slug":"premiacion-concurso-rei-estoy-presente","status":"publish","type":"post","link":"http:\/\/sanignacioconcepcion.cl\/sitio\/premiacion-concurso-rei-estoy-presente\/","title":{"rendered":"Premiaci\u00f3n Concurso REI &#8211; \u201cEstoy Presente\u201d"},"content":{"rendered":"<p class=\"p1\">Nuestro estudiante de K\u00ednder A, Tom\u00e1s Horta Beltr\u00e1n, obtuvo el primer lugar del concurso de Instagram \u201cEstoy Presente\u201d, organizado por la Red Educacional Ignaciana.<span class=\"Apple-converted-space\">\u00a0<\/span><\/p>\n<p class=\"p1\">El concurso invitaba a todos los estudiantes y educadores de los colegios de la REI a contar su historia o motivaci\u00f3n sobre el retorno a clases presenciales.<span class=\"Apple-converted-space\">\u00a0<\/span><\/p>\n<p class=\"p1\">La premiaci\u00f3n fue realizada por la Encargada de Comunicaciones de la REI, Cynthia Osorio y fue en presencia de los compa\u00f1eros de Tom\u00e1s, sus t\u00edas, su padre y nuestra rectora, Sra. Claudia Messina. \u00a1Felicitamos a Tom\u00e1s por su motivaci\u00f3n y entusiasmo en esta iniciativa!<\/p>\n","protected":false},"excerpt":{"rendered":"<p>Nuestro estudiante de K\u00ednder A, Tom\u00e1s Horta Beltr\u00e1n, obtuvo el primer lugar del concurso de Instagram \u201cEstoy Presente\u201d, organizado por la Red Educacional Ignaciana.\u00a0 El concurso invitaba a todos los estudiantes y educadores de los colegios de la REI a contar su historia o motivaci\u00f3n sobre el retorno a clases presenciales.\u00a0 La premiaci\u00f3n fue realizada&hellip;<\/p>\n","protected":false},"author":1,"featured_media":3465,"comment_status":"closed","ping_status":"closed","sticky":false,"template":"","format":"standard","meta":[],"categories":[4],"tags":[],"_links":{"self":[{"href":"http:\/\/sanignacioconcepcion.cl\/sitio\/wp-json\/wp\/v2\/posts\/3462"}],"collection":[{"href":"http:\/\/sanignacioconcepcion.cl\/sitio\/wp-json\/wp\/v2\/posts"}],"about":[{"href":"http:\/\/sanignacioconcepcion.cl\/sitio\/wp-json\/wp\/v2\/types\/post"}],"author":[{"embeddable":true,"href":"http:\/\/sanignacioconcepcion.cl\/sitio\/wp-json\/wp\/v2\/users\/1"}],"replies":[{"embeddable":true,"href":"http:\/\/sanignacioconcepcion.cl\/sitio\/wp-json\/wp\/v2\/comments?post=3462"}],"version-history":[{"count":1,"href":"http:\/\/sanignacioconcepcion.cl\/sitio\/wp-json\/wp\/v2\/posts\/3462\/revisions"}],"predecessor-version":[{"id":3466,"href":"http:\/\/sanignacioconcepcion.cl\/sitio\/wp-json\/wp\/v2\/posts\/3462\/revisions\/3466"}],"wp:featuredmedia":[{"embeddable":true,"href":"http:\/\/sanignacioconcepcion.cl\/sitio\/wp-json\/wp\/v2\/media\/3465"}],"wp:attachment":[{"href":"http:\/\/sanignacioconcepcion.cl\/sitio\/wp-json\/wp\/v2\/media?parent=3462"}],"wp:term":[{"taxonomy":"category","embeddable":true,"href":"http:\/\/sanignacioconcepcion.cl\/sitio\/wp-json\/wp\/v2\/categories?post=3462"},{"taxonomy":"post_tag","embeddable":true,"href":"http:\/\/sanignacioconcepcion.cl\/sitio\/wp-json\/wp\/v2\/tags?post=3462"}],"curies":[{"name":"wp","href":"https:\/\/api.w.org\/{rel}","templated":true}]}}