{"id":3473,"date":"2021-09-30T15:34:16","date_gmt":"2021-09-30T15:34:16","guid":{"rendered":"http:\/\/sanignacioconcepcion.cl\/sitio\/?p=3473"},"modified":"2021-09-30T15:36:08","modified_gmt":"2021-09-30T15:36:08","slug":"ignacianas-convocadas-a-microciclo-de-la-seleccion-nacional-de-futbol-sub-17-y-sub-20","status":"publish","type":"post","link":"http:\/\/sanignacioconcepcion.cl\/sitio\/ignacianas-convocadas-a-microciclo-de-la-seleccion-nacional-de-futbol-sub-17-y-sub-20\/","title":{"rendered":"Ignacianas convocadas a microciclo de la Selecci\u00f3n Nacional de F\u00fatbol Sub 17 y Sub 20"},"content":{"rendered":"<p><img loading=\"lazy\" class=\"alignleft wp-image-3477 \" src=\"http:\/\/sanignacioconcepcion.cl\/sitio\/wp-content\/uploads\/2021\/09\/ignacianas-microciclo.png\" alt=\"\" width=\"406\" height=\"256\" srcset=\"http:\/\/sanignacioconcepcion.cl\/sitio\/wp-content\/uploads\/2021\/09\/ignacianas-microciclo.png 723w, http:\/\/sanignacioconcepcion.cl\/sitio\/wp-content\/uploads\/2021\/09\/ignacianas-microciclo-600x378.png 600w\" sizes=\"(max-width: 406px) 100vw, 406px\" \/><\/p>\n<p class=\"p1\">Nuestras ignacianas Julieta Melim\u00e1n (8A)<span class=\"Apple-converted-space\">\u00a0 <\/span>y Emilia Sep\u00falveda (4MA), fueron convocadas a un microciclo por parte de la Selecci\u00f3n Nacional de F\u00fatbol, Sub 17 y Sub 20. El proceso de captaci\u00f3n se desarroll\u00f3 en Concepci\u00f3n, cuyas seleccionadas deber\u00e1n esperar el llamado para sumarse a los entrenamientos y ser parte de futuros encuentros.<\/p>\n<p class=\"p1\"><b>\u00bfSe esperaban esta convocatoria?<\/b><br \/>\n<b>Julieta:<\/b> La verdad no me esperaba esta nominaci\u00f3n ya que el d\u00eda del partido hab\u00edan much\u00edsimas ni\u00f1as con bastante talento, pero eso no impidi\u00f3 darlo todo y trat\u00e9 de jugar relajada recibiendo los consejos de todos.<\/p>\n<p class=\"p1\"><b>Emilia:<\/b> No me esperaba este llamado, de hecho particip\u00e9 del partido de captaci\u00f3n sin ninguna ilusi\u00f3n, evidentemente quer\u00eda darlo todo y realmente fue inesperado recibir esta convocatoria.<\/p>\n<p class=\"p1\"><b>\u00bfCu\u00e1l creen ustedes que ha sido la clave por la cual han llegado a esta instancia?<\/b><br \/>\n<b>Julieta:<\/b> Yo creo que es el apoyo de mi familia, amigos, profesores, compa\u00f1eros y obviamente mi compromiso. Yo la verdad practico el f\u00fatbol porque me veo en un futuro jugando profesionalmente y para cumplir eso tan grande tengo que hacer un gran esfuerzo. Cada vez que voy a entrenar, ya sea en UdeC, en el colegio, en la escuelita EFFC o en el programa Promesas Chile, aprendo algo nuevo.<br \/>\n<b><\/b><\/p>\n<p class=\"p1\"><b>Emilia: <\/b>La perseverancia, constancia, resiliencia y mantenerme constante en este camino, seguir entrenando y esforz\u00e1ndome.<\/p>\n<p class=\"p1\"><b>\u00bfQu\u00e9 ha significado para ustedes esta convocatoria?<br \/>\nJulieta:<\/b> Significa mucho para m\u00ed, ya que el esfuerzo realizado por mi parte y la de mi familia est\u00e1 dando frutos y vamos por buen camino. Me emocion\u00e9 much\u00edsimo con la convocatoria.<br \/>\n<b><\/b><\/p>\n<p class=\"p1\"><b>Emilia:<\/b> Significa que voy por buen camino, que el trabajo que he hecho est\u00e1 dando frutos, que est\u00e1 mejorando, y eso es lo que realmente me importa.<\/p>\n<p>Ahora, Julieta y Emilia est\u00e1n a la espera de la convocatoria en Santiago, pero haber llegado a estas instancia, para ellas ha sido muy significativo y seguir\u00e1n esforz\u00e1ndose por ser cada d\u00eda mejor en esta disciplina.<\/p>\n<p>Las chicas agradecen cada muestra de cari\u00f1o y apoyo que han tenido en este tiempo.<\/p>\n<p>\u00a1Les deseamos mucho \u00e9xito en este tremendo desaf\u00edo!<\/p>\n<p>&nbsp;<\/p>\n","protected":false},"excerpt":{"rendered":"<p>Nuestras ignacianas Julieta Melim\u00e1n (8A)\u00a0 y Emilia Sep\u00falveda (4MA), fueron convocadas a un microciclo por parte de la Selecci\u00f3n Nacional de F\u00fatbol, Sub 17 y Sub 20. El proceso de captaci\u00f3n se desarroll\u00f3 en Concepci\u00f3n, cuyas seleccionadas deber\u00e1n esperar el llamado para sumarse a los entrenamientos y ser parte de futuros encuentros. \u00bfSe esperaban esta&hellip;<\/p>\n","protected":false},"author":1,"featured_media":3480,"comment_status":"closed","ping_status":"closed","sticky":false,"template":"","format":"standard","meta":[],"categories":[4],"tags":[],"_links":{"self":[{"href":"http:\/\/sanignacioconcepcion.cl\/sitio\/wp-json\/wp\/v2\/posts\/3473"}],"collection":[{"href":"http:\/\/sanignacioconcepcion.cl\/sitio\/wp-json\/wp\/v2\/posts"}],"about":[{"href":"http:\/\/sanignacioconcepcion.cl\/sitio\/wp-json\/wp\/v2\/types\/post"}],"author":[{"embeddable":true,"href":"http:\/\/sanignacioconcepcion.cl\/sitio\/wp-json\/wp\/v2\/users\/1"}],"replies":[{"embeddable":true,"href":"http:\/\/sanignacioconcepcion.cl\/sitio\/wp-json\/wp\/v2\/comments?post=3473"}],"version-history":[{"count":3,"href":"http:\/\/sanignacioconcepcion.cl\/sitio\/wp-json\/wp\/v2\/posts\/3473\/revisions"}],"predecessor-version":[{"id":3479,"href":"http:\/\/sanignacioconcepcion.cl\/sitio\/wp-json\/wp\/v2\/posts\/3473\/revisions\/3479"}],"wp:featuredmedia":[{"embeddable":true,"href":"http:\/\/sanignacioconcepcion.cl\/sitio\/wp-json\/wp\/v2\/media\/3480"}],"wp:attachment":[{"href":"http:\/\/sanignacioconcepcion.cl\/sitio\/wp-json\/wp\/v2\/media?parent=3473"}],"wp:term":[{"taxonomy":"category","embeddable":true,"href":"http:\/\/sanignacioconcepcion.cl\/sitio\/wp-json\/wp\/v2\/categories?post=3473"},{"taxonomy":"post_tag","embeddable":true,"href":"http:\/\/sanignacioconcepcion.cl\/sitio\/wp-json\/wp\/v2\/tags?post=3473"}],"curies":[{"name":"wp","href":"https:\/\/api.w.org\/{rel}","templated":true}]}}