{"id":3534,"date":"2021-10-08T13:15:05","date_gmt":"2021-10-08T13:15:05","guid":{"rendered":"http:\/\/sanignacioconcepcion.cl\/sitio\/?p=3534"},"modified":"2021-10-08T13:25:03","modified_gmt":"2021-10-08T13:25:03","slug":"invitacion-programa-familia-unida","status":"publish","type":"post","link":"http:\/\/sanignacioconcepcion.cl\/sitio\/invitacion-programa-familia-unida\/","title":{"rendered":"Invitaci\u00f3n Programa Familias Unidas"},"content":{"rendered":"<p>Estimados padres, madres y apoderados:<\/p>\n<p>Junto con saludarlos, tenemos el agrado de informarles que el Programa Familias Unidas del Sistema Lazos, se est\u00e1 desarrollando en nuestra comuna y tiene abiertas sus inscripciones para todas aquellas familias que tengan hijos o hijas entre los 11 y 16 a\u00f1os.<\/p>\n<p>El Programa Familias Unidas busca fortalecer la comunicaci\u00f3n y la confianza al interior de las familias, entregando herramientas pr\u00e1cticas y \u00fatiles. Adem\u00e1s, aborda el c\u00f3mo prevenir que los adolescentes se involucren en conductas de riesgo, como el consumo de drogas y alcohol y las conductas sexuales de riesgo.<\/p>\n<p>Durante este a\u00f1o, todas las sesiones del programa se efect\u00faan de manera remota y la inscripci\u00f3n de los participantes es voluntaria y gratuita. El comienzo del programa ser\u00e1 durante la semana del 18 de octubre y existen cupos limitados.<\/p>\n<p>En caso de querer recibir m\u00e1s informaci\u00f3n, s\u00f3lo deben completar el siguiente formulario y un psic\u00f3logo\/a del equipo los contactar\u00e1: <a href=\"http:\/\/www.fsancarlos.org\/familiasunidas\">www.fsancarlos.org\/familiasunidas<\/a><\/p>\n<p>Te invitamos a revisar el video promocional de Familia Unida:<\/p>\n<p><iframe loading=\"lazy\" title=\"YouTube video player\" src=\"https:\/\/www.youtube.com\/embed\/whhXPGTnpQM\" width=\"560\" height=\"315\" frameborder=\"0\" allowfullscreen=\"allowfullscreen\"><\/iframe><\/p>\n<p><strong>Si desean conocer m\u00e1s detalles del Programa, pueden revisar la siguiente presentaci\u00f3n:<\/strong><\/p>\n<a href=\"http:\/\/sanignacioconcepcion.cl\/sitio\/wp-content\/uploads\/2021\/10\/Presentacio\u0301n-FU.pdf\" class=\"pdfemb-viewer\" style=\"\" data-width=\"max\" data-height=\"max\"  data-toolbar=\"both\" data-toolbar-fixed=\"on\">Presentacio\u0301n FU<br\/><\/a>\n","protected":false},"excerpt":{"rendered":"<p>Estimados padres, madres y apoderados: Junto con saludarlos, tenemos el agrado de informarles que el Programa Familias Unidas del Sistema Lazos, se est\u00e1 desarrollando en nuestra comuna y tiene abiertas sus inscripciones para todas aquellas familias que tengan hijos o hijas entre los 11 y 16 a\u00f1os. El Programa Familias Unidas busca fortalecer la comunicaci\u00f3n&hellip;<\/p>\n","protected":false},"author":1,"featured_media":0,"comment_status":"closed","ping_status":"closed","sticky":false,"template":"","format":"standard","meta":[],"categories":[3],"tags":[],"_links":{"self":[{"href":"http:\/\/sanignacioconcepcion.cl\/sitio\/wp-json\/wp\/v2\/posts\/3534"}],"collection":[{"href":"http:\/\/sanignacioconcepcion.cl\/sitio\/wp-json\/wp\/v2\/posts"}],"about":[{"href":"http:\/\/sanignacioconcepcion.cl\/sitio\/wp-json\/wp\/v2\/types\/post"}],"author":[{"embeddable":true,"href":"http:\/\/sanignacioconcepcion.cl\/sitio\/wp-json\/wp\/v2\/users\/1"}],"replies":[{"embeddable":true,"href":"http:\/\/sanignacioconcepcion.cl\/sitio\/wp-json\/wp\/v2\/comments?post=3534"}],"version-history":[{"count":3,"href":"http:\/\/sanignacioconcepcion.cl\/sitio\/wp-json\/wp\/v2\/posts\/3534\/revisions"}],"predecessor-version":[{"id":3538,"href":"http:\/\/sanignacioconcepcion.cl\/sitio\/wp-json\/wp\/v2\/posts\/3534\/revisions\/3538"}],"wp:attachment":[{"href":"http:\/\/sanignacioconcepcion.cl\/sitio\/wp-json\/wp\/v2\/media?parent=3534"}],"wp:term":[{"taxonomy":"category","embeddable":true,"href":"http:\/\/sanignacioconcepcion.cl\/sitio\/wp-json\/wp\/v2\/categories?post=3534"},{"taxonomy":"post_tag","embeddable":true,"href":"http:\/\/sanignacioconcepcion.cl\/sitio\/wp-json\/wp\/v2\/tags?post=3534"}],"curies":[{"name":"wp","href":"https:\/\/api.w.org\/{rel}","templated":true}]}}