{"id":3610,"date":"2021-10-04T00:12:39","date_gmt":"2021-10-04T00:12:39","guid":{"rendered":"http:\/\/sanignacioconcepcion.cl\/sitio\/?p=3610"},"modified":"2021-10-26T00:14:25","modified_gmt":"2021-10-26T00:14:25","slug":"entrega-carta-de-los-deseos","status":"publish","type":"post","link":"http:\/\/sanignacioconcepcion.cl\/sitio\/entrega-carta-de-los-deseos\/","title":{"rendered":"Entrega Carta de los Deseos"},"content":{"rendered":"<p>El domingo 3 de octubre celebramos una nueva misa de la comunidad, en esta oportunidad con la participaci\u00f3n especial de nuestras familias de K\u00ednder B y K\u00ednder C, instancia donde entregaron frente al altar su Carta de los Deseos.<span class=\"Apple-converted-space\">&nbsp;<\/span><\/p>\n<p>Fue una misa muy emotiva y alegre, los pap\u00e1s tuvieron algunos momentos para compartir con sus hijos, a grandes rasgos, el objetivo y contenido de la carta, la cual abrir\u00e1n al salir de 4to medio.<span class=\"Apple-converted-space\">&nbsp;<\/span><\/p>\n<p>En la carta de los deseos nuestras familias expresan las esperanzas y los deseos m\u00e1s<span class=\"Apple-converted-space\">&nbsp;<\/span><\/p>\n<p>profundos que tienen sobre el futuro y el sentido de vida de su hijo\/a al comenzar esta etapa de formaci\u00f3n y crecimiento.<span class=\"Apple-converted-space\">&nbsp;<\/span><\/p>\n<p>Esta carta se guardar\u00e1 cuidadosamente durante muchos a\u00f1os para que ya como j\u00f3venes al final de su cuarto medio la reciban como signo de su amor y el camino recorrido juntos.<span class=\"Apple-converted-space\">&nbsp;<\/span><\/p>\n","protected":false},"excerpt":{"rendered":"<p>El domingo 3 de octubre celebramos una nueva misa de la comunidad, en esta oportunidad con la participaci\u00f3n especial de nuestras familias de K\u00ednder B y K\u00ednder C, instancia donde entregaron frente al altar su Carta de los Deseos.&nbsp; Fue una misa muy emotiva y alegre, los pap\u00e1s tuvieron algunos momentos para compartir con sus&hellip;<\/p>\n","protected":false},"author":1,"featured_media":3611,"comment_status":"closed","ping_status":"closed","sticky":false,"template":"","format":"standard","meta":[],"categories":[4],"tags":[],"_links":{"self":[{"href":"http:\/\/sanignacioconcepcion.cl\/sitio\/wp-json\/wp\/v2\/posts\/3610"}],"collection":[{"href":"http:\/\/sanignacioconcepcion.cl\/sitio\/wp-json\/wp\/v2\/posts"}],"about":[{"href":"http:\/\/sanignacioconcepcion.cl\/sitio\/wp-json\/wp\/v2\/types\/post"}],"author":[{"embeddable":true,"href":"http:\/\/sanignacioconcepcion.cl\/sitio\/wp-json\/wp\/v2\/users\/1"}],"replies":[{"embeddable":true,"href":"http:\/\/sanignacioconcepcion.cl\/sitio\/wp-json\/wp\/v2\/comments?post=3610"}],"version-history":[{"count":1,"href":"http:\/\/sanignacioconcepcion.cl\/sitio\/wp-json\/wp\/v2\/posts\/3610\/revisions"}],"predecessor-version":[{"id":3612,"href":"http:\/\/sanignacioconcepcion.cl\/sitio\/wp-json\/wp\/v2\/posts\/3610\/revisions\/3612"}],"wp:featuredmedia":[{"embeddable":true,"href":"http:\/\/sanignacioconcepcion.cl\/sitio\/wp-json\/wp\/v2\/media\/3611"}],"wp:attachment":[{"href":"http:\/\/sanignacioconcepcion.cl\/sitio\/wp-json\/wp\/v2\/media?parent=3610"}],"wp:term":[{"taxonomy":"category","embeddable":true,"href":"http:\/\/sanignacioconcepcion.cl\/sitio\/wp-json\/wp\/v2\/categories?post=3610"},{"taxonomy":"post_tag","embeddable":true,"href":"http:\/\/sanignacioconcepcion.cl\/sitio\/wp-json\/wp\/v2\/tags?post=3610"}],"curies":[{"name":"wp","href":"https:\/\/api.w.org\/{rel}","templated":true}]}}