{"id":3616,"date":"2021-10-05T00:16:48","date_gmt":"2021-10-05T00:16:48","guid":{"rendered":"http:\/\/sanignacioconcepcion.cl\/sitio\/?p=3616"},"modified":"2021-10-26T00:20:36","modified_gmt":"2021-10-26T00:20:36","slug":"ignaciana-vuelve-al-colegio-a-realizar-su-practica-de-programa-diploma-en-habilidades-laborales","status":"publish","type":"post","link":"http:\/\/sanignacioconcepcion.cl\/sitio\/ignaciana-vuelve-al-colegio-a-realizar-su-practica-de-programa-diploma-en-habilidades-laborales\/","title":{"rendered":"Ignaciana vuelve al colegio a realizar su pr\u00e1ctica de programa: Diploma en Habilidades Laborales"},"content":{"rendered":"<p>Nuestra ignaciana Antonia Bustos \u00c1lvarez ha vuelto al colegio, pero esta vez, realizando su pr\u00e1ctica del programa \u201cDiploma en Habilidades Laborales\u201d de la Universidad Andr\u00e9s Bello.<span class=\"Apple-converted-space\">&nbsp;<\/span><\/p>\n<p>Nuestra exalumna inici\u00f3 este desaf\u00edo el pasado 02 de septiembre, pr\u00e1ctica que se extender\u00e1 hasta noviembre del presente a\u00f1o.<span class=\"Apple-converted-space\">&nbsp;<\/span><\/p>\n<p>Ella se desempe\u00f1a principalmente en el \u00e1rea de administraci\u00f3n, pero cada tercer jueves del mes cambia<span class=\"Apple-converted-space\">&nbsp;<\/span><\/p>\n<p>los papeleos de la administraci\u00f3n por los libros de la biblioteca del colegio, \u00e1rea en la cual tambi\u00e9n presta colaboraci\u00f3n.<span class=\"Apple-converted-space\">&nbsp;<\/span><\/p>\n<p>Antonia se\u00f1ala sentirse muy contenta con este retorno y con el aporte que est\u00e1 realizando en el \u00e1mbito profesional. \u201cPara realizar su trabajo es met\u00f3dica, muy alegre y empe\u00f1osa\u201d, se\u00f1ala Katherine Concha, secretaria con quien colabora en el \u00e1rea administrativa.<span class=\"Apple-converted-space\">&nbsp;<\/span><\/p>\n","protected":false},"excerpt":{"rendered":"<p>Nuestra ignaciana Antonia Bustos \u00c1lvarez ha vuelto al colegio, pero esta vez, realizando su pr\u00e1ctica del programa \u201cDiploma en Habilidades Laborales\u201d de la Universidad Andr\u00e9s Bello.&nbsp; Nuestra exalumna inici\u00f3 este desaf\u00edo el pasado 02 de septiembre, pr\u00e1ctica que se extender\u00e1 hasta noviembre del presente a\u00f1o.&nbsp; Ella se desempe\u00f1a principalmente en el \u00e1rea de administraci\u00f3n, pero&hellip;<\/p>\n","protected":false},"author":1,"featured_media":3617,"comment_status":"closed","ping_status":"closed","sticky":false,"template":"","format":"standard","meta":[],"categories":[4],"tags":[],"_links":{"self":[{"href":"http:\/\/sanignacioconcepcion.cl\/sitio\/wp-json\/wp\/v2\/posts\/3616"}],"collection":[{"href":"http:\/\/sanignacioconcepcion.cl\/sitio\/wp-json\/wp\/v2\/posts"}],"about":[{"href":"http:\/\/sanignacioconcepcion.cl\/sitio\/wp-json\/wp\/v2\/types\/post"}],"author":[{"embeddable":true,"href":"http:\/\/sanignacioconcepcion.cl\/sitio\/wp-json\/wp\/v2\/users\/1"}],"replies":[{"embeddable":true,"href":"http:\/\/sanignacioconcepcion.cl\/sitio\/wp-json\/wp\/v2\/comments?post=3616"}],"version-history":[{"count":1,"href":"http:\/\/sanignacioconcepcion.cl\/sitio\/wp-json\/wp\/v2\/posts\/3616\/revisions"}],"predecessor-version":[{"id":3618,"href":"http:\/\/sanignacioconcepcion.cl\/sitio\/wp-json\/wp\/v2\/posts\/3616\/revisions\/3618"}],"wp:featuredmedia":[{"embeddable":true,"href":"http:\/\/sanignacioconcepcion.cl\/sitio\/wp-json\/wp\/v2\/media\/3617"}],"wp:attachment":[{"href":"http:\/\/sanignacioconcepcion.cl\/sitio\/wp-json\/wp\/v2\/media?parent=3616"}],"wp:term":[{"taxonomy":"category","embeddable":true,"href":"http:\/\/sanignacioconcepcion.cl\/sitio\/wp-json\/wp\/v2\/categories?post=3616"},{"taxonomy":"post_tag","embeddable":true,"href":"http:\/\/sanignacioconcepcion.cl\/sitio\/wp-json\/wp\/v2\/tags?post=3616"}],"curies":[{"name":"wp","href":"https:\/\/api.w.org\/{rel}","templated":true}]}}