{"id":3619,"date":"2021-10-06T00:20:52","date_gmt":"2021-10-06T00:20:52","guid":{"rendered":"http:\/\/sanignacioconcepcion.cl\/sitio\/?p=3619"},"modified":"2021-10-26T00:25:10","modified_gmt":"2021-10-26T00:25:10","slug":"nuestro-ignaciano-es-parte-de-la-pre-seleccion-chilena-de-voleibol","status":"publish","type":"post","link":"http:\/\/sanignacioconcepcion.cl\/sitio\/nuestro-ignaciano-es-parte-de-la-pre-seleccion-chilena-de-voleibol\/","title":{"rendered":"\u00a1Nuestro ignaciano es parte de la pre-selecci\u00f3n chilena de Voleibol!"},"content":{"rendered":"<p><img loading=\"lazy\" class=\"wp-image-3621 alignleft\" src=\"http:\/\/sanignacioconcepcion.cl\/sitio\/wp-content\/uploads\/2021\/10\/WhatsApp-Image-2021-10-12-at-11.44.57.jpeg\" alt=\"\" width=\"287\" height=\"382\" srcset=\"http:\/\/sanignacioconcepcion.cl\/sitio\/wp-content\/uploads\/2021\/10\/WhatsApp-Image-2021-10-12-at-11.44.57.jpeg 780w, http:\/\/sanignacioconcepcion.cl\/sitio\/wp-content\/uploads\/2021\/10\/WhatsApp-Image-2021-10-12-at-11.44.57-768x1024.jpeg 768w, http:\/\/sanignacioconcepcion.cl\/sitio\/wp-content\/uploads\/2021\/10\/WhatsApp-Image-2021-10-12-at-11.44.57-600x800.jpeg 600w\" sizes=\"(max-width: 287px) 100vw, 287px\" \/>El 2019 nuestro ignaciano Tom\u00e1s Ravanal Villar (2MB), inici\u00f3 este camino de preparaci\u00f3n que lo ha llevado a ser parte de la pre-selecci\u00f3n nacional de voleibol masculino, categor\u00eda Sub 17.<span class=\"Apple-converted-space\">&nbsp;<\/span><\/p>\n<p>Ha sido un gran desaf\u00edo para nuestro estudiante, quien ya se encuentra en Santiago trabajando duramente en esta etapa preparatoria para futuros encuentros. Es una tremenda experiencia, de mucho esfuerzo, perseverancia y dedicaci\u00f3n que ha llevado a Tom\u00e1s a representar a nuestro colegio, la zona y pr\u00f3ximamente al pa\u00eds.<\/p>\n<p>El 2020 fue un periodo que estuvo en pausa dado la pandemia, pero ya el 2021 retomaron todos los entrenamientos presenciales en la capital, por lo que Tom\u00e1s vuelve peri\u00f3dicamente a la regi\u00f3n. En su \u00faltima visita, asisti\u00f3 al colegio instancia donde la Directora junto al capell\u00e1n del Ciclo Roma, le realizaron un env\u00edo muy emotivo antes de continuar con su preparaci\u00f3n deportiva.<span class=\"Apple-converted-space\">&nbsp;<\/span><\/p>\n","protected":false},"excerpt":{"rendered":"<p>El 2019 nuestro ignaciano Tom\u00e1s Ravanal Villar (2MB), inici\u00f3 este camino de preparaci\u00f3n que lo ha llevado a ser parte de la pre-selecci\u00f3n nacional de voleibol masculino, categor\u00eda Sub 17.&nbsp; Ha sido un gran desaf\u00edo para nuestro estudiante, quien ya se encuentra en Santiago trabajando duramente en esta etapa preparatoria para futuros encuentros. Es una&hellip;<\/p>\n","protected":false},"author":1,"featured_media":3620,"comment_status":"closed","ping_status":"closed","sticky":false,"template":"","format":"standard","meta":[],"categories":[4],"tags":[],"_links":{"self":[{"href":"http:\/\/sanignacioconcepcion.cl\/sitio\/wp-json\/wp\/v2\/posts\/3619"}],"collection":[{"href":"http:\/\/sanignacioconcepcion.cl\/sitio\/wp-json\/wp\/v2\/posts"}],"about":[{"href":"http:\/\/sanignacioconcepcion.cl\/sitio\/wp-json\/wp\/v2\/types\/post"}],"author":[{"embeddable":true,"href":"http:\/\/sanignacioconcepcion.cl\/sitio\/wp-json\/wp\/v2\/users\/1"}],"replies":[{"embeddable":true,"href":"http:\/\/sanignacioconcepcion.cl\/sitio\/wp-json\/wp\/v2\/comments?post=3619"}],"version-history":[{"count":1,"href":"http:\/\/sanignacioconcepcion.cl\/sitio\/wp-json\/wp\/v2\/posts\/3619\/revisions"}],"predecessor-version":[{"id":3622,"href":"http:\/\/sanignacioconcepcion.cl\/sitio\/wp-json\/wp\/v2\/posts\/3619\/revisions\/3622"}],"wp:featuredmedia":[{"embeddable":true,"href":"http:\/\/sanignacioconcepcion.cl\/sitio\/wp-json\/wp\/v2\/media\/3620"}],"wp:attachment":[{"href":"http:\/\/sanignacioconcepcion.cl\/sitio\/wp-json\/wp\/v2\/media?parent=3619"}],"wp:term":[{"taxonomy":"category","embeddable":true,"href":"http:\/\/sanignacioconcepcion.cl\/sitio\/wp-json\/wp\/v2\/categories?post=3619"},{"taxonomy":"post_tag","embeddable":true,"href":"http:\/\/sanignacioconcepcion.cl\/sitio\/wp-json\/wp\/v2\/tags?post=3619"}],"curies":[{"name":"wp","href":"https:\/\/api.w.org\/{rel}","templated":true}]}}