{"id":3623,"date":"2021-10-07T00:25:30","date_gmt":"2021-10-07T00:25:30","guid":{"rendered":"http:\/\/sanignacioconcepcion.cl\/sitio\/?p=3623"},"modified":"2021-10-26T00:26:49","modified_gmt":"2021-10-26T00:26:49","slug":"taller-de-periodismo-inicio-sus-actividades-presenciales","status":"publish","type":"post","link":"http:\/\/sanignacioconcepcion.cl\/sitio\/taller-de-periodismo-inicio-sus-actividades-presenciales\/","title":{"rendered":"Taller de Periodismo inici\u00f3 sus actividades presenciales"},"content":{"rendered":"<p>Luego de dos a\u00f1os, el Taller de Periodismo volvi\u00f3 a reunirse de manera presencial con el objetivo de comenzar a preparar material para los pr\u00f3ximos cap\u00edtulos del programa <b>\u201cTalento Ignaciano\u201d<\/b>, el cual regresa el jueves 14 de octubre con sus primeras entrevistas realizadas al taller de Gimnasia<span class=\"Apple-converted-space\">&nbsp;<\/span>Art\u00edstica.<\/p>\n<p>Los estudiantes se vieron muy entusiasmados y felices de volver a<span class=\"Apple-converted-space\">&nbsp;<\/span>terreno junto al profesor del taller el periodista Alex Irarr\u00e1zabal, ya que tuvieron la posibilidad de reencontrarse con el manejo period\u00edstico audiovisual. El Taller de Periodismo seguir\u00e1 reporteando en terreno, para mantener informada a la comunidad con las novedades y noticias de nuestro colegio, adem\u00e1s de muchas otras sorpresas.<span class=\"Apple-converted-space\">&nbsp;<\/span><\/p>\n","protected":false},"excerpt":{"rendered":"<p>Luego de dos a\u00f1os, el Taller de Periodismo volvi\u00f3 a reunirse de manera presencial con el objetivo de comenzar a preparar material para los pr\u00f3ximos cap\u00edtulos del programa \u201cTalento Ignaciano\u201d, el cual regresa el jueves 14 de octubre con sus primeras entrevistas realizadas al taller de Gimnasia&nbsp;Art\u00edstica. Los estudiantes se vieron muy entusiasmados y felices&hellip;<\/p>\n","protected":false},"author":1,"featured_media":3624,"comment_status":"closed","ping_status":"closed","sticky":false,"template":"","format":"standard","meta":[],"categories":[4],"tags":[],"_links":{"self":[{"href":"http:\/\/sanignacioconcepcion.cl\/sitio\/wp-json\/wp\/v2\/posts\/3623"}],"collection":[{"href":"http:\/\/sanignacioconcepcion.cl\/sitio\/wp-json\/wp\/v2\/posts"}],"about":[{"href":"http:\/\/sanignacioconcepcion.cl\/sitio\/wp-json\/wp\/v2\/types\/post"}],"author":[{"embeddable":true,"href":"http:\/\/sanignacioconcepcion.cl\/sitio\/wp-json\/wp\/v2\/users\/1"}],"replies":[{"embeddable":true,"href":"http:\/\/sanignacioconcepcion.cl\/sitio\/wp-json\/wp\/v2\/comments?post=3623"}],"version-history":[{"count":1,"href":"http:\/\/sanignacioconcepcion.cl\/sitio\/wp-json\/wp\/v2\/posts\/3623\/revisions"}],"predecessor-version":[{"id":3625,"href":"http:\/\/sanignacioconcepcion.cl\/sitio\/wp-json\/wp\/v2\/posts\/3623\/revisions\/3625"}],"wp:featuredmedia":[{"embeddable":true,"href":"http:\/\/sanignacioconcepcion.cl\/sitio\/wp-json\/wp\/v2\/media\/3624"}],"wp:attachment":[{"href":"http:\/\/sanignacioconcepcion.cl\/sitio\/wp-json\/wp\/v2\/media?parent=3623"}],"wp:term":[{"taxonomy":"category","embeddable":true,"href":"http:\/\/sanignacioconcepcion.cl\/sitio\/wp-json\/wp\/v2\/categories?post=3623"},{"taxonomy":"post_tag","embeddable":true,"href":"http:\/\/sanignacioconcepcion.cl\/sitio\/wp-json\/wp\/v2\/tags?post=3623"}],"curies":[{"name":"wp","href":"https:\/\/api.w.org\/{rel}","templated":true}]}}