{"id":3731,"date":"2021-11-10T20:30:11","date_gmt":"2021-11-10T20:30:11","guid":{"rendered":"http:\/\/sanignacioconcepcion.cl\/sitio\/?p=3731"},"modified":"2021-11-17T21:14:35","modified_gmt":"2021-11-17T21:14:35","slug":"el-movimiento-eucaristico-juvenil-tuvo-muchas-actividades-y-visitas-durante-estos-dias","status":"publish","type":"post","link":"http:\/\/sanignacioconcepcion.cl\/sitio\/el-movimiento-eucaristico-juvenil-tuvo-muchas-actividades-y-visitas-durante-estos-dias\/","title":{"rendered":"\u00a1El Movimiento Eucar\u00edstico Juvenil tuvo muchas actividades y visitas durante estos d\u00edas!"},"content":{"rendered":"<div class=\"page\" title=\"Page 2\">\n<div class=\"section\">\n<div class=\"layoutArea\">\n<div class=\"column\">\n<p>Desde el jueves 4 hasta el sa\u0301bado 6 de noviembre, nos visito\u0301 la profesora de religio\u0301n y Coordinadora del MEJ San Ignacio El Bosque, Nicole Mari\u0301n, con el fin de conocer el funcionamiento del MEJ en nuestro colegio. Nicole compartio\u0301 con las coordinadoras y estudiantes, adema\u0301s de recorrer el establecimiento.<\/p>\n<p>En tanto, el viernes 5 y sa\u0301bado 6, acompan\u0303o\u0301 al movimiento la Directora Nacional, Maritza Pe\u0301rez y el Capella\u0301n, Julio Hurtado SJ, visita que tuvo como objetivo conocer de cerca la estructura del MEJ. El viernes se realizo\u0301 tambie\u0301n un encuentro de unio\u0301n entre los participantes de la Red Mundial de Oracio\u0301n del Papa con los apoderados del MEJ, cuya invitacio\u0301n fue a vivir el camino al corazo\u0301n de Jesu\u0301s. En esta instancia participaron 4 apoderadas del MEJ y 7 participantes de la RMOP, de las cuales algunas eran ex apoderadas de nuestro colegio.<\/p>\n<p>El mismo sa\u0301bado 6 se desarrollo\u0301 adema\u0301s, un encuentro con las familias, donde tambie\u0301n se integraron nuevas familias al movimiento. Con esta actividad se busco\u0301 fortalecer el vi\u0301nculo entre los pequen\u0303os y sus familias, adema\u0301s los apoderados pueden conocer el funcionamiento del MEJ desde la experiencia. En este encuentro, participaron 18 familias de nuestro colegio.<\/p>\n<ul>\n<li><strong>Jornada de Intervenci\u00f3n<\/strong><\/li>\n<\/ul>\n<p><img loading=\"lazy\" class=\"wp-image-3733 alignleft\" src=\"http:\/\/sanignacioconcepcion.cl\/sitio\/wp-content\/uploads\/2021\/11\/F6E719BF-15D5-40E7-9DB2-9CB0D1877EE4.jpg\" alt=\"\" width=\"415\" height=\"415\" srcset=\"http:\/\/sanignacioconcepcion.cl\/sitio\/wp-content\/uploads\/2021\/11\/F6E719BF-15D5-40E7-9DB2-9CB0D1877EE4.jpg 2048w, http:\/\/sanignacioconcepcion.cl\/sitio\/wp-content\/uploads\/2021\/11\/F6E719BF-15D5-40E7-9DB2-9CB0D1877EE4-300x300.jpg 300w, http:\/\/sanignacioconcepcion.cl\/sitio\/wp-content\/uploads\/2021\/11\/F6E719BF-15D5-40E7-9DB2-9CB0D1877EE4-1024x1024.jpg 1024w, http:\/\/sanignacioconcepcion.cl\/sitio\/wp-content\/uploads\/2021\/11\/F6E719BF-15D5-40E7-9DB2-9CB0D1877EE4-150x150.jpg 150w, http:\/\/sanignacioconcepcion.cl\/sitio\/wp-content\/uploads\/2021\/11\/F6E719BF-15D5-40E7-9DB2-9CB0D1877EE4-768x768.jpg 768w, http:\/\/sanignacioconcepcion.cl\/sitio\/wp-content\/uploads\/2021\/11\/F6E719BF-15D5-40E7-9DB2-9CB0D1877EE4-1536x1536.jpg 1536w, http:\/\/sanignacioconcepcion.cl\/sitio\/wp-content\/uploads\/2021\/11\/F6E719BF-15D5-40E7-9DB2-9CB0D1877EE4-600x600.jpg 600w\" sizes=\"(max-width: 415px) 100vw, 415px\" \/>Los d\u00edas 2, 3 y 4 de noviembre, integrantes del MEJ recorrieron, durante las aperturas, las salas de clases &nbsp;para invitar a los m\u00e1s peque\u00f1os a ser parte del movimiento.<\/p>\n<p>En tanto, el viernes 5, durante el segundo y tercer recreo, realizaron diversas din\u00e1micas para el Ciclo Loyola y y un circuito de juegos para el Ciclo Manresa, en esta oportunidad acompa\u00f1\u00f3 nuestra exalumna, Daniela V\u00e1squez y Carla Vidal, alumna de 8vo b\u00e1sico.&nbsp;<\/p>\n<\/div>\n<\/div>\n<\/div>\n<\/div>\n","protected":false},"excerpt":{"rendered":"<p>Desde el jueves 4 hasta el sa\u0301bado 6 de noviembre, nos visito\u0301 la profesora de religio\u0301n y Coordinadora del MEJ San Ignacio El Bosque, Nicole Mari\u0301n, con el fin de conocer el funcionamiento del MEJ en nuestro colegio. Nicole compartio\u0301 con las coordinadoras y estudiantes, adema\u0301s de recorrer el establecimiento. En tanto, el viernes 5&hellip;<\/p>\n","protected":false},"author":1,"featured_media":3732,"comment_status":"closed","ping_status":"closed","sticky":false,"template":"","format":"standard","meta":[],"categories":[4],"tags":[],"_links":{"self":[{"href":"http:\/\/sanignacioconcepcion.cl\/sitio\/wp-json\/wp\/v2\/posts\/3731"}],"collection":[{"href":"http:\/\/sanignacioconcepcion.cl\/sitio\/wp-json\/wp\/v2\/posts"}],"about":[{"href":"http:\/\/sanignacioconcepcion.cl\/sitio\/wp-json\/wp\/v2\/types\/post"}],"author":[{"embeddable":true,"href":"http:\/\/sanignacioconcepcion.cl\/sitio\/wp-json\/wp\/v2\/users\/1"}],"replies":[{"embeddable":true,"href":"http:\/\/sanignacioconcepcion.cl\/sitio\/wp-json\/wp\/v2\/comments?post=3731"}],"version-history":[{"count":1,"href":"http:\/\/sanignacioconcepcion.cl\/sitio\/wp-json\/wp\/v2\/posts\/3731\/revisions"}],"predecessor-version":[{"id":3734,"href":"http:\/\/sanignacioconcepcion.cl\/sitio\/wp-json\/wp\/v2\/posts\/3731\/revisions\/3734"}],"wp:featuredmedia":[{"embeddable":true,"href":"http:\/\/sanignacioconcepcion.cl\/sitio\/wp-json\/wp\/v2\/media\/3732"}],"wp:attachment":[{"href":"http:\/\/sanignacioconcepcion.cl\/sitio\/wp-json\/wp\/v2\/media?parent=3731"}],"wp:term":[{"taxonomy":"category","embeddable":true,"href":"http:\/\/sanignacioconcepcion.cl\/sitio\/wp-json\/wp\/v2\/categories?post=3731"},{"taxonomy":"post_tag","embeddable":true,"href":"http:\/\/sanignacioconcepcion.cl\/sitio\/wp-json\/wp\/v2\/tags?post=3731"}],"curies":[{"name":"wp","href":"https:\/\/api.w.org\/{rel}","templated":true}]}}