{"id":3949,"date":"2021-12-23T13:40:40","date_gmt":"2021-12-23T13:40:40","guid":{"rendered":"http:\/\/sanignacioconcepcion.cl\/sitio\/?p=3949"},"modified":"2021-12-28T20:56:04","modified_gmt":"2021-12-28T20:56:04","slug":"uniforme-escolar-2022","status":"publish","type":"post","link":"http:\/\/sanignacioconcepcion.cl\/sitio\/uniforme-escolar-2022\/","title":{"rendered":"Uniforme Escolar 2022"},"content":{"rendered":"<p>Querida comunidad:<\/p>\n<p>A continuaci\u00f3n, compartimos con ustedes las im\u00e1genes del uniforme escolar para el a\u00f1o 2022:<\/p>\n<p><img loading=\"lazy\" class=\"aligncenter size-full wp-image-3950\" src=\"http:\/\/sanignacioconcepcion.cl\/sitio\/wp-content\/uploads\/2021\/12\/UNIFORMEPREBAS.jpg\" alt=\"\" width=\"841\" height=\"598\" srcset=\"http:\/\/sanignacioconcepcion.cl\/sitio\/wp-content\/uploads\/2021\/12\/UNIFORMEPREBAS.jpg 841w, http:\/\/sanignacioconcepcion.cl\/sitio\/wp-content\/uploads\/2021\/12\/UNIFORMEPREBAS-768x546.jpg 768w, http:\/\/sanignacioconcepcion.cl\/sitio\/wp-content\/uploads\/2021\/12\/UNIFORMEPREBAS-600x427.jpg 600w\" sizes=\"(max-width: 841px) 100vw, 841px\" \/><\/p>\n<p>&nbsp;<\/p>\n<p>&nbsp;<\/p>\n<p><img loading=\"lazy\" class=\"aligncenter size-full wp-image-3951\" src=\"http:\/\/sanignacioconcepcion.cl\/sitio\/wp-content\/uploads\/2021\/12\/UNIFORME-5to-a-IVmedio.jpg\" alt=\"\" width=\"841\" height=\"598\" srcset=\"http:\/\/sanignacioconcepcion.cl\/sitio\/wp-content\/uploads\/2021\/12\/UNIFORME-5to-a-IVmedio.jpg 841w, http:\/\/sanignacioconcepcion.cl\/sitio\/wp-content\/uploads\/2021\/12\/UNIFORME-5to-a-IVmedio-768x546.jpg 768w, http:\/\/sanignacioconcepcion.cl\/sitio\/wp-content\/uploads\/2021\/12\/UNIFORME-5to-a-IVmedio-600x427.jpg 600w\" sizes=\"(max-width: 841px) 100vw, 841px\" \/><\/p>\n<p><img loading=\"lazy\" class=\"aligncenter size-full wp-image-3962\" src=\"http:\/\/sanignacioconcepcion.cl\/sitio\/wp-content\/uploads\/2021\/12\/Diapositiva1.jpeg\" alt=\"\" width=\"720\" height=\"405\" srcset=\"http:\/\/sanignacioconcepcion.cl\/sitio\/wp-content\/uploads\/2021\/12\/Diapositiva1.jpeg 720w, http:\/\/sanignacioconcepcion.cl\/sitio\/wp-content\/uploads\/2021\/12\/Diapositiva1-600x338.jpeg 600w\" sizes=\"(max-width: 720px) 100vw, 720px\" \/><\/p>\n","protected":false},"excerpt":{"rendered":"<p>Querida comunidad: A continuaci\u00f3n, compartimos con ustedes las im\u00e1genes del uniforme escolar para el a\u00f1o 2022: &nbsp; &nbsp;<\/p>\n","protected":false},"author":1,"featured_media":0,"comment_status":"closed","ping_status":"closed","sticky":false,"template":"","format":"standard","meta":[],"categories":[3],"tags":[],"_links":{"self":[{"href":"http:\/\/sanignacioconcepcion.cl\/sitio\/wp-json\/wp\/v2\/posts\/3949"}],"collection":[{"href":"http:\/\/sanignacioconcepcion.cl\/sitio\/wp-json\/wp\/v2\/posts"}],"about":[{"href":"http:\/\/sanignacioconcepcion.cl\/sitio\/wp-json\/wp\/v2\/types\/post"}],"author":[{"embeddable":true,"href":"http:\/\/sanignacioconcepcion.cl\/sitio\/wp-json\/wp\/v2\/users\/1"}],"replies":[{"embeddable":true,"href":"http:\/\/sanignacioconcepcion.cl\/sitio\/wp-json\/wp\/v2\/comments?post=3949"}],"version-history":[{"count":2,"href":"http:\/\/sanignacioconcepcion.cl\/sitio\/wp-json\/wp\/v2\/posts\/3949\/revisions"}],"predecessor-version":[{"id":3963,"href":"http:\/\/sanignacioconcepcion.cl\/sitio\/wp-json\/wp\/v2\/posts\/3949\/revisions\/3963"}],"wp:attachment":[{"href":"http:\/\/sanignacioconcepcion.cl\/sitio\/wp-json\/wp\/v2\/media?parent=3949"}],"wp:term":[{"taxonomy":"category","embeddable":true,"href":"http:\/\/sanignacioconcepcion.cl\/sitio\/wp-json\/wp\/v2\/categories?post=3949"},{"taxonomy":"post_tag","embeddable":true,"href":"http:\/\/sanignacioconcepcion.cl\/sitio\/wp-json\/wp\/v2\/tags?post=3949"}],"curies":[{"name":"wp","href":"https:\/\/api.w.org\/{rel}","templated":true}]}}