{"id":3953,"date":"2021-12-30T07:00:58","date_gmt":"2021-12-30T07:00:58","guid":{"rendered":"http:\/\/sanignacioconcepcion.cl\/sitio\/?p=3953"},"modified":"2021-12-30T01:03:29","modified_gmt":"2021-12-30T01:03:29","slug":"informaciones-inicio-ano-escolar-y-otros","status":"publish","type":"post","link":"http:\/\/sanignacioconcepcion.cl\/sitio\/informaciones-inicio-ano-escolar-y-otros\/","title":{"rendered":"Informaciones &#8211; Inicio a\u00f1o escolar y otros"},"content":{"rendered":"<p>Queridas familias:<\/p>\n<p>Les deseamos unas reponedoras vacaciones de verano, principalmente a nuestros estudiantes, y nos volvemos a encontrar el <strong>jueves 3 de marzo del 2022 para dar inicio al a\u00f1o escolar.&nbsp;<\/strong><\/p>\n<p>Al retornar, la jornada de clases ser\u00e1 la siguiente:<\/p>\n<ul>\n<li><strong>Pre K\u00ednder y K\u00ednder:<\/strong><br \/>\n08:00 a 13:15 horas.<\/li>\n<li><strong>1ros y 2dos b\u00e1sicos:<\/strong><br \/>\n08:00 a 14:15 horas.<\/li>\n<li><strong>3ros y 4tos b\u00e1sicos:<\/strong><br \/>\nLunes a jueves: 08:00 a 15:35 horas.<br \/>\nViernes: 08:00 a 13:25 horas.<\/li>\n<li><strong>5tos a 8vos b\u00e1sicos:<\/strong><br \/>\nLunes a jueves: 08:00 a 15:40 horas.<br \/>\nViernes: 08:00 a 13:20 horas.<\/li>\n<li><strong>I\u00ba a IV\u00ba medio:<\/strong><br \/>\nLunes a jueves: 08:00 a 16:30 horas.<br \/>\nViernes: 08:00 a 13:20 horas.<\/li>\n<\/ul>\n<p>Les recordamos tambi\u00e9n, revisar nuestra informaci\u00f3n respecto al uniforme escolar 2022: <a href=\"http:\/\/sanignacioconcepcion.cl\/sitio\/?p=3949\">http:\/\/sanignacioconcepcion.cl\/sitio\/?p=3949<\/a><\/p>\n<p>Finalmente, informamos a ustedes que nuestro colegio permanecer\u00e1 cerrado a partir del <strong>31 de diciembre del 2021 hasta el 01 de marzo del 2022<\/strong>, por periodo de vacaciones. &nbsp;<\/p>\n<p>Atentamente,<\/p>\n<p>Rector\u00eda.&nbsp;<\/p>\n","protected":false},"excerpt":{"rendered":"<p>Queridas familias: Les deseamos unas reponedoras vacaciones de verano, principalmente a nuestros estudiantes, y nos volvemos a encontrar el jueves 3 de marzo del 2022 para dar inicio al a\u00f1o escolar.&nbsp; Al retornar, la jornada de clases ser\u00e1 la siguiente: Pre K\u00ednder y K\u00ednder: 08:00 a 13:15 horas. 1ros y 2dos b\u00e1sicos: 08:00 a 14:15&hellip;<\/p>\n","protected":false},"author":1,"featured_media":0,"comment_status":"closed","ping_status":"closed","sticky":false,"template":"","format":"standard","meta":[],"categories":[3],"tags":[],"_links":{"self":[{"href":"http:\/\/sanignacioconcepcion.cl\/sitio\/wp-json\/wp\/v2\/posts\/3953"}],"collection":[{"href":"http:\/\/sanignacioconcepcion.cl\/sitio\/wp-json\/wp\/v2\/posts"}],"about":[{"href":"http:\/\/sanignacioconcepcion.cl\/sitio\/wp-json\/wp\/v2\/types\/post"}],"author":[{"embeddable":true,"href":"http:\/\/sanignacioconcepcion.cl\/sitio\/wp-json\/wp\/v2\/users\/1"}],"replies":[{"embeddable":true,"href":"http:\/\/sanignacioconcepcion.cl\/sitio\/wp-json\/wp\/v2\/comments?post=3953"}],"version-history":[{"count":9,"href":"http:\/\/sanignacioconcepcion.cl\/sitio\/wp-json\/wp\/v2\/posts\/3953\/revisions"}],"predecessor-version":[{"id":3970,"href":"http:\/\/sanignacioconcepcion.cl\/sitio\/wp-json\/wp\/v2\/posts\/3953\/revisions\/3970"}],"wp:attachment":[{"href":"http:\/\/sanignacioconcepcion.cl\/sitio\/wp-json\/wp\/v2\/media?parent=3953"}],"wp:term":[{"taxonomy":"category","embeddable":true,"href":"http:\/\/sanignacioconcepcion.cl\/sitio\/wp-json\/wp\/v2\/categories?post=3953"},{"taxonomy":"post_tag","embeddable":true,"href":"http:\/\/sanignacioconcepcion.cl\/sitio\/wp-json\/wp\/v2\/tags?post=3953"}],"curies":[{"name":"wp","href":"https:\/\/api.w.org\/{rel}","templated":true}]}}