{"id":3958,"date":"2021-12-22T16:28:00","date_gmt":"2021-12-22T16:28:00","guid":{"rendered":"http:\/\/sanignacioconcepcion.cl\/sitio\/?p=3958"},"modified":"2021-12-28T16:30:08","modified_gmt":"2021-12-28T16:30:08","slug":"3958","status":"publish","type":"post","link":"http:\/\/sanignacioconcepcion.cl\/sitio\/3958\/","title":{"rendered":"Proyecci\u00f3n a\u00f1o acad\u00e9mico 2022"},"content":{"rendered":"<p>Estimadas y estimados apoderados:<\/p>\n<p>Los saludo cordialmente, esperando que est\u00e9n bien. Me dirijo a ustedes con el prop\u00f3sito de entregarles informaci\u00f3n&nbsp; respecto a la proyecci\u00f3n del trabajo acad\u00e9mico que se desarrollar\u00e1&nbsp; durante el a\u00f1o 2022.<\/p>\n<p>Antes de cualquier definici\u00f3n, no debemos olvidar&nbsp; que el desarrollo de las actividades acad\u00e9micas de los dos \u00faltimos a\u00f1os han sido complejas de resolver y que en este \u00faltimo periodo las autoridades de Educaci\u00f3n han promovido la participaci\u00f3n de los estudiantes de manera presencial, con el prop\u00f3sito de favorecer los aprendizajes socioafectivos y acad\u00e9micos de todos ellos.<\/p>\n<p>Con el avance del proceso de vacunaci\u00f3n, establecido por el Ministerio de Salud y las orientaciones entregadas por el Ministerio de Educaci\u00f3n, el colegio implementar\u00e1 acciones para fortalecer y aumentar la presencialidad de los estudiantes y generar estrategias para facilitar el aprendizaje de cada uno de ellos.<\/p>\n<p>Por lo tanto, y teniendo presente que nos encontramos en un contexto que puede ser cambiante, es deber de la instituci\u00f3n generar procesos ordenados y que den claridad, tanto de modo y orden, en la cual se desarrollar\u00e1n las actividades acad\u00e9micas del pr\u00f3ximo a\u00f1o escolar.<\/p>\n<p><strong>Definiciones Pedag\u00f3gicas<\/strong>:<\/p>\n<p><strong><em>R\u00e9gimen Escolar<\/em><\/strong>: El a\u00f1o escolar se desarrollar\u00e1 de manera Semestral.<\/p>\n<p><strong><em>Asignaturas<\/em><\/strong>: Se impartir\u00e1n todas las asignaturas del curr\u00edculum de cada nivel.<\/p>\n<p><strong><em>Evaluaciones<\/em><\/strong>: Al igual que este a\u00f1o 2021, se realizar\u00e1n evaluaciones formativas y sumativas en todas las asignaturas, en coherencia con el reglamento de evaluaci\u00f3n y promoci\u00f3n escolar del establecimiento, sustentado en el decreto 67 del Ministerio de Educaci\u00f3n.<\/p>\n<p><strong><em>Calificaciones<\/em><\/strong>: Todas las asignaturas se califican. Debiendo tener promedios semestrales y finales.<\/p>\n<p><strong><em>Asistencia a Clases<\/em><\/strong>: Para efectos de promoci\u00f3n escolar se considerar\u00e1 un 85% de participaci\u00f3n en clases, tal como lo establece el reglamento de evaluaci\u00f3n.<\/p>\n<p><strong><em>Jornada escolar completa<\/em><\/strong>:<\/p>\n<p>La jornada de clase, de los distintos niveles se desarrollar\u00e1 en jornada escolar completa. Los detalles y horarios ser\u00e1n publicados oportunamente en la p\u00e1gina web del colegio.<\/p>\n<p><strong><em>Servicio de JUNAEB y Casino<\/em><\/strong>:<\/p>\n<p>De acuerdo a lo anunciado por el Ministerio de Educaci\u00f3n, se restablecer\u00e1 el servicio de alimentaci\u00f3n para los estudiantes que pertenecen al programa JUNAEB; por lo tanto, el colegio habilitar\u00e1 el Casino y comedor para proveer de los espacios necesarios y cumplir con lo anunciado por la autoridad ministerial, en cumplimiento a la normativa sanitaria vigente. Los estudiantes que no tengan este beneficio, pero que almuerzan en el colegio, podr\u00e1n usar tambi\u00e9n, las dependencias. Los protocolos ser\u00e1n publicados en la p\u00e1gina web del colegio.<\/p>\n<p><strong><em>Presencialidad de los estudiantes:<\/em><\/strong><\/p>\n<p>Siguiendo las indicaciones del Ministerio de Educaci\u00f3n, desde el inicio del a\u00f1o escolar 2022, <em>se retomar\u00e1 la asistencia presencial obligatoria de los estudiantes<\/em>.<\/p>\n<p><strong><em>Protocolos sanitarios y medidas excepcionales: <\/em><\/strong><\/p>\n<p>El establecimiento seguir\u00e1 con los protocolos de medidas de protecci\u00f3n y prevenci\u00f3n sanitaria para el desarrollo de sus actividades. En el caso de que se deba suspender las clases presenciales de uno o m\u00e1s cursos, por la aplicaci\u00f3n de protocolos sanitarios vigentes, las clases se realizar\u00e1n de manera remota, mientras dure esta situaci\u00f3n excepcional.<\/p>\n<p><strong><em>Uso del uniforme escolar:<\/em><\/strong><\/p>\n<p>Para el periodo del a\u00f1o escolar 2022, y luego de un proceso de consulta y an\u00e1lisis con distintos estamentos de la organizaci\u00f3n, se ha definido que:<\/p>\n<ul>\n<li>Desde Prek\u00ednder a cuarto a\u00f1o b\u00e1sico usar\u00e1n buzo del colegio (poler\u00f3n, pantal\u00f3n y polera del colegio) y zapatillas.<\/li>\n<li>Desde Quinto b\u00e1sico a cuarto a\u00f1o medio: ser\u00e1 obligatorio s\u00f3lo polera polo color roja y poler\u00f3n institucional.<\/li>\n<li>Para el desarrollo de las clases de Educaci\u00f3n F\u00edsica, ser\u00e1 obligatorio el uso de tenida deportiva.<\/li>\n<li>Para los actos oficiales durante el a\u00f1o, se usar\u00e1 blue jeans y polera\/poler\u00f3n institucional.<\/li>\n<\/ul>\n<p><strong><em>Uso de Plataformas digitales: <\/em><\/strong><\/p>\n<p>El colegio ha definido el uso de manera permanente de plataformas digitales para distintos procesos de gesti\u00f3n acad\u00e9mica y de informaci\u00f3n con la comunidad, entre las cuales se encuentran:<\/p>\n<p><strong>Libro de clases digital: <\/strong>El colegio continuar\u00e1 utilizando Schoolnet como plataforma desde la cual se entrega informaci\u00f3n acad\u00e9mica a estudiantes y apoderados de evaluaciones (calendario y resultados), asistencia a clases, registro de anotaciones y otras actividades.<\/p>\n<p><strong>Aprendo libre<\/strong>: Herramienta digital que sirve para generar y aplicar evaluaciones online a estudiantes hasta octavo b\u00e1sico.<\/p>\n<p><strong>Puntaje Nacional<\/strong>: plataforma utilizada para evaluaciones a distancia, para&nbsp; estudiantes desde primero medio a cuarto medio. En esta se aplican, entre otras, ensayos virtuales de PTU a alumnos de terceros y cuartos medios.<\/p>\n<p><strong>Google Classroom<\/strong>: Aplicaci\u00f3n de Google que se utiliza para: publicar material de clases, enviar y recibir tareas, trabajo, videos u otros, realizar evaluaciones formativas. Es indispensable que los estudiantes&nbsp; acepten las invitaciones que llegan a los correos electr\u00f3nicos para que puedan recibir informaci\u00f3n de cada asignatura.<\/p>\n<p><strong>ZOOM<\/strong>: Plataforma&nbsp; utilizada para la generaci\u00f3n de clases por videoconferencia, en caso de situaci\u00f3n excepcional.<\/p>\n<p><strong>Correo Electr\u00f3nico Institucional: <\/strong>A nuestros apoderados, les recordamos utilizar esta importante herramienta que nos permite mantener una comunicaci\u00f3n fluida, efectiva y evitar la p\u00e9rdida de informaci\u00f3n. Los detalles sobre su activaci\u00f3n pueden revisarlo en nuestro sitio web:&nbsp; <\/p>\n<p>Esperando que esta informaci\u00f3n sea de vuestra utilidad, les saluda atentamente,<\/p>\n<p>Claudia Messina A.<br \/>\nRectora<\/p>\n","protected":false},"excerpt":{"rendered":"<p>Estimadas y estimados apoderados: Los saludo cordialmente, esperando que est\u00e9n bien. Me dirijo a ustedes con el prop\u00f3sito de entregarles informaci\u00f3n&nbsp; respecto a la proyecci\u00f3n del trabajo acad\u00e9mico que se desarrollar\u00e1&nbsp; durante el a\u00f1o 2022. Antes de cualquier definici\u00f3n, no debemos olvidar&nbsp; que el desarrollo de las actividades acad\u00e9micas de los dos \u00faltimos a\u00f1os han&hellip;<\/p>\n","protected":false},"author":1,"featured_media":0,"comment_status":"closed","ping_status":"closed","sticky":false,"template":"","format":"standard","meta":[],"categories":[3],"tags":[],"_links":{"self":[{"href":"http:\/\/sanignacioconcepcion.cl\/sitio\/wp-json\/wp\/v2\/posts\/3958"}],"collection":[{"href":"http:\/\/sanignacioconcepcion.cl\/sitio\/wp-json\/wp\/v2\/posts"}],"about":[{"href":"http:\/\/sanignacioconcepcion.cl\/sitio\/wp-json\/wp\/v2\/types\/post"}],"author":[{"embeddable":true,"href":"http:\/\/sanignacioconcepcion.cl\/sitio\/wp-json\/wp\/v2\/users\/1"}],"replies":[{"embeddable":true,"href":"http:\/\/sanignacioconcepcion.cl\/sitio\/wp-json\/wp\/v2\/comments?post=3958"}],"version-history":[{"count":2,"href":"http:\/\/sanignacioconcepcion.cl\/sitio\/wp-json\/wp\/v2\/posts\/3958\/revisions"}],"predecessor-version":[{"id":3960,"href":"http:\/\/sanignacioconcepcion.cl\/sitio\/wp-json\/wp\/v2\/posts\/3958\/revisions\/3960"}],"wp:attachment":[{"href":"http:\/\/sanignacioconcepcion.cl\/sitio\/wp-json\/wp\/v2\/media?parent=3958"}],"wp:term":[{"taxonomy":"category","embeddable":true,"href":"http:\/\/sanignacioconcepcion.cl\/sitio\/wp-json\/wp\/v2\/categories?post=3958"},{"taxonomy":"post_tag","embeddable":true,"href":"http:\/\/sanignacioconcepcion.cl\/sitio\/wp-json\/wp\/v2\/tags?post=3958"}],"curies":[{"name":"wp","href":"https:\/\/api.w.org\/{rel}","templated":true}]}}