{"id":4052,"date":"2022-02-25T14:40:00","date_gmt":"2022-02-25T14:40:00","guid":{"rendered":"http:\/\/sanignacioconcepcion.cl\/sitio\/?p=4052"},"modified":"2022-03-07T12:39:17","modified_gmt":"2022-03-07T12:39:17","slug":"informativo-inicio-ano-escolar-3-de-marzo","status":"publish","type":"post","link":"http:\/\/sanignacioconcepcion.cl\/sitio\/informativo-inicio-ano-escolar-3-de-marzo\/","title":{"rendered":"Informativo &#8211; Inicio A\u00f1o Escolar, 3 de Marzo"},"content":{"rendered":"<p><img loading=\"lazy\" class=\"aligncenter wp-image-4053\" src=\"http:\/\/sanignacioconcepcion.cl\/sitio\/wp-content\/uploads\/2022\/02\/LOGO-ESTOY-PRESENTE-SIC-copia.png\" alt=\"\" width=\"251\" height=\"251\" srcset=\"http:\/\/sanignacioconcepcion.cl\/sitio\/wp-content\/uploads\/2022\/02\/LOGO-ESTOY-PRESENTE-SIC-copia.png 1080w, http:\/\/sanignacioconcepcion.cl\/sitio\/wp-content\/uploads\/2022\/02\/LOGO-ESTOY-PRESENTE-SIC-copia-300x300.png 300w, http:\/\/sanignacioconcepcion.cl\/sitio\/wp-content\/uploads\/2022\/02\/LOGO-ESTOY-PRESENTE-SIC-copia-1024x1024.png 1024w, http:\/\/sanignacioconcepcion.cl\/sitio\/wp-content\/uploads\/2022\/02\/LOGO-ESTOY-PRESENTE-SIC-copia-150x150.png 150w, http:\/\/sanignacioconcepcion.cl\/sitio\/wp-content\/uploads\/2022\/02\/LOGO-ESTOY-PRESENTE-SIC-copia-768x768.png 768w, http:\/\/sanignacioconcepcion.cl\/sitio\/wp-content\/uploads\/2022\/02\/LOGO-ESTOY-PRESENTE-SIC-copia-600x600.png 600w\" sizes=\"(max-width: 251px) 100vw, 251px\" \/><\/p>\n<p>Queridas familias:<\/p>\n<p>Deseando que cada uno\/a de ustedes se encuentre muy bien, les recordamos que nos volvemos a encontrar el&nbsp;jueves 3 de marzo para dar inicio al a\u00f1o escolar 2022, de manera presencial.<\/p>\n<p><strong>El horario de entrada y salida para los d\u00edas; jueves 3 y viernes 4 de marzo ser\u00e1 el siguiente:<\/strong><\/p>\n<ul>\n<li><strong>Pre K\u00ednder a IV\u00ba medio:<\/strong><br \/>\nEntrada:&nbsp;08:00 horas. \/&nbsp;Salida:&nbsp;12:00 horas.<\/li>\n<\/ul>\n<p><strong>Respecto a la jornada de clases a partir del lunes 7 de marzo, ser\u00e1 la siguiente:<\/strong><\/p>\n<ul>\n<li>Pre K\u00ednder y K\u00ednder:&nbsp;08:00 a 13:15 horas.<\/li>\n<li>1ros y 2dos b\u00e1sicos:&nbsp;08:00 a 14:15 horas.<\/li>\n<li>3ros y 4tos b\u00e1sicos:<br \/>\nLunes a jueves: 08:00 a 15:35 horas.<br \/>\nViernes: 08:00 a 13:25 horas.<\/li>\n<li>5tos a 8vos b\u00e1sicos:<br \/>\nLunes a jueves: 08:00 a 15:40 horas.<br \/>\nViernes: 08:00 a 13:20 horas.<\/li>\n<li>I\u00ba a IV\u00ba medio:<br \/>\nLunes a jueves: 08:00 a 16:30 horas.<br \/>\nViernes: 08:00 a 13:20 horas.<\/li>\n<\/ul>\n<p><strong>El lugar de ingreso y salida de los estudiantes ser\u00e1 el siguiente:<\/strong><\/p>\n<ul>\n<li>Pre K\u00ednder y K\u00ednder: Sector Patio Trasero Pre b\u00e1sica<\/li>\n<li>1ros a 4tos b\u00e1sicos: Hall principal<\/li>\n<li>5tos b\u00e1sicos a IV\u00ba medio: Sector Quiosco\/Casino.<\/li>\n<\/ul>\n<p><strong>JUNAEB:<\/strong>&nbsp;<span class=\"JsGRdQ\">El desayuno estar\u00e1 disponible desde el 3 de marzo y el almuerzo a partir del lunes 7 del mismo mes.<\/span><br \/>\nLo anterior, para todos los estudiantes que recibieron canasta de alimentos el a\u00f1o 2021 desde 3ro b\u00e1sico a IV\u00ba medio.<\/p>\n<p>Es importante se\u00f1alar que para el desarrollo de las actividades, nuestro establecimiento seguir\u00e1 con los protocolos de medidas de protecci\u00f3n y prevenci\u00f3n sanitaria ante el COVID-19.<\/p>\n<p>Finalmente, esperamos contar con su apoyo y compromiso para este nuevo y desafiante a\u00f1o escolar y avanzar de manera conjunta en el desarrollo de nuestros\/as estudiantes.<\/p>\n<p>Atentamente,<\/p>\n<p>Claudia Messina<br \/>\nRectora<\/p>\n","protected":false},"excerpt":{"rendered":"<p>Queridas familias: Deseando que cada uno\/a de ustedes se encuentre muy bien, les recordamos que nos volvemos a encontrar el&nbsp;jueves 3 de marzo para dar inicio al a\u00f1o escolar 2022, de manera presencial. El horario de entrada y salida para los d\u00edas; jueves 3 y viernes 4 de marzo ser\u00e1 el siguiente: Pre K\u00ednder a&hellip;<\/p>\n","protected":false},"author":1,"featured_media":0,"comment_status":"closed","ping_status":"closed","sticky":false,"template":"","format":"standard","meta":[],"categories":[3],"tags":[],"_links":{"self":[{"href":"http:\/\/sanignacioconcepcion.cl\/sitio\/wp-json\/wp\/v2\/posts\/4052"}],"collection":[{"href":"http:\/\/sanignacioconcepcion.cl\/sitio\/wp-json\/wp\/v2\/posts"}],"about":[{"href":"http:\/\/sanignacioconcepcion.cl\/sitio\/wp-json\/wp\/v2\/types\/post"}],"author":[{"embeddable":true,"href":"http:\/\/sanignacioconcepcion.cl\/sitio\/wp-json\/wp\/v2\/users\/1"}],"replies":[{"embeddable":true,"href":"http:\/\/sanignacioconcepcion.cl\/sitio\/wp-json\/wp\/v2\/comments?post=4052"}],"version-history":[{"count":8,"href":"http:\/\/sanignacioconcepcion.cl\/sitio\/wp-json\/wp\/v2\/posts\/4052\/revisions"}],"predecessor-version":[{"id":4137,"href":"http:\/\/sanignacioconcepcion.cl\/sitio\/wp-json\/wp\/v2\/posts\/4052\/revisions\/4137"}],"wp:attachment":[{"href":"http:\/\/sanignacioconcepcion.cl\/sitio\/wp-json\/wp\/v2\/media?parent=4052"}],"wp:term":[{"taxonomy":"category","embeddable":true,"href":"http:\/\/sanignacioconcepcion.cl\/sitio\/wp-json\/wp\/v2\/categories?post=4052"},{"taxonomy":"post_tag","embeddable":true,"href":"http:\/\/sanignacioconcepcion.cl\/sitio\/wp-json\/wp\/v2\/tags?post=4052"}],"curies":[{"name":"wp","href":"https:\/\/api.w.org\/{rel}","templated":true}]}}