{"id":4216,"date":"2022-03-11T22:59:43","date_gmt":"2022-03-11T22:59:43","guid":{"rendered":"http:\/\/sanignacioconcepcion.cl\/sitio\/?p=4216"},"modified":"2022-03-16T13:08:42","modified_gmt":"2022-03-16T13:08:42","slug":"reunion-de-apoderados-15-y-16-de-marzo","status":"publish","type":"post","link":"http:\/\/sanignacioconcepcion.cl\/sitio\/reunion-de-apoderados-15-y-16-de-marzo\/","title":{"rendered":"Reuni\u00f3n de Apoderados &#8211; 15 y 16 de Marzo"},"content":{"rendered":"<p class=\"_04xlpA direction-ltr align-justify para-style-body\"><span class=\"JsGRdQ\">Estimadas familias:<\/span><\/p>\n<p class=\"_04xlpA direction-ltr align-justify para-style-body\"><span class=\"JsGRdQ\">Informamos a ustedes que los d\u00edas <\/span><span class=\"JsGRdQ\">15 y 16 de marzo<\/span><span class=\"JsGRdQ\"> se realizar\u00e1 la Primera Reuni\u00f3n de Apoderados.<\/span><\/p>\n<p><span class=\"JsGRdQ\">Considerando que estamos en Fase 3 del Plan Paso a Paso, \u00e9stas se realizar\u00e1n de manera virtual por la Plataforma Zoom (profesores jefes compartir\u00e1n el link de conexi\u00f3n), ya en Fase 4 retomaremos la presencialidad .<\/span><\/p>\n<p class=\"_04xlpA direction-ltr align-justify para-style-body\"><span class=\"JsGRdQ\">Los horarios establecidos para estas reuniones son los siguientes:<\/span><\/p>\n<ul>\n<li><span class=\"JsGRdQ\">Ciclo Loyola: <\/span><span class=\"JsGRdQ\">desde pre k\u00ednder a 2do b\u00e1sico, martes 15 de marzo, 19:00 h (<strong><span style=\"color: #3366ff;\">excepto PKB que se realizar\u00e1 el 16 de marzo 19h y PKA y PKC el 22 de marzo 19h<\/span><\/strong>)<\/span><\/li>\n<li><span class=\"JsGRdQ\">Ciclos Manresa y Roma <\/span><span class=\"JsGRdQ\">desde 3ro b\u00e1sico a IV\u00ba medio:&nbsp;<\/span>Mi\u00e9rcoles 16 de marzo, 19:00 h. (<strong><span style=\"color: #0000ff;\">excepto 6\u00baB que se re-programar\u00e1<\/span><\/strong>)<\/li>\n<\/ul>\n<p class=\"_04xlpA direction-ltr align-justify para-style-body\"><span class=\"JsGRdQ\">Direcciones de Ciclo<\/span><\/p>\n","protected":false},"excerpt":{"rendered":"<p>Estimadas familias: Informamos a ustedes que los d\u00edas 15 y 16 de marzo se realizar\u00e1 la Primera Reuni\u00f3n de Apoderados. Considerando que estamos en Fase 3 del Plan Paso a Paso, \u00e9stas se realizar\u00e1n de manera virtual por la Plataforma Zoom (profesores jefes compartir\u00e1n el link de conexi\u00f3n), ya en Fase 4 retomaremos la presencialidad&hellip;<\/p>\n","protected":false},"author":1,"featured_media":0,"comment_status":"closed","ping_status":"closed","sticky":false,"template":"","format":"standard","meta":[],"categories":[3],"tags":[],"_links":{"self":[{"href":"http:\/\/sanignacioconcepcion.cl\/sitio\/wp-json\/wp\/v2\/posts\/4216"}],"collection":[{"href":"http:\/\/sanignacioconcepcion.cl\/sitio\/wp-json\/wp\/v2\/posts"}],"about":[{"href":"http:\/\/sanignacioconcepcion.cl\/sitio\/wp-json\/wp\/v2\/types\/post"}],"author":[{"embeddable":true,"href":"http:\/\/sanignacioconcepcion.cl\/sitio\/wp-json\/wp\/v2\/users\/1"}],"replies":[{"embeddable":true,"href":"http:\/\/sanignacioconcepcion.cl\/sitio\/wp-json\/wp\/v2\/comments?post=4216"}],"version-history":[{"count":2,"href":"http:\/\/sanignacioconcepcion.cl\/sitio\/wp-json\/wp\/v2\/posts\/4216\/revisions"}],"predecessor-version":[{"id":4265,"href":"http:\/\/sanignacioconcepcion.cl\/sitio\/wp-json\/wp\/v2\/posts\/4216\/revisions\/4265"}],"wp:attachment":[{"href":"http:\/\/sanignacioconcepcion.cl\/sitio\/wp-json\/wp\/v2\/media?parent=4216"}],"wp:term":[{"taxonomy":"category","embeddable":true,"href":"http:\/\/sanignacioconcepcion.cl\/sitio\/wp-json\/wp\/v2\/categories?post=4216"},{"taxonomy":"post_tag","embeddable":true,"href":"http:\/\/sanignacioconcepcion.cl\/sitio\/wp-json\/wp\/v2\/tags?post=4216"}],"curies":[{"name":"wp","href":"https:\/\/api.w.org\/{rel}","templated":true}]}}