{"id":4373,"date":"2022-03-23T16:37:03","date_gmt":"2022-03-23T16:37:03","guid":{"rendered":"http:\/\/sanignacioconcepcion.cl\/sitio\/?p=4373"},"modified":"2022-03-23T16:37:12","modified_gmt":"2022-03-23T16:37:12","slug":"recordatorio-medidas-sic","status":"publish","type":"post","link":"http:\/\/sanignacioconcepcion.cl\/sitio\/recordatorio-medidas-sic\/","title":{"rendered":"Recordatorio medidas SIC"},"content":{"rendered":"<p>Estimadas familias:<\/p>\n<p>Esperando que se encuentren muy bien, recordamos a ustedes las siguientes medidas con el objetivo de alinearnos y mejorar la gesti\u00f3n en esta vuelta a la presencialidad:<\/p>\n<ol>\n<li>Las&nbsp;<strong>puertas de acceso a los estudiantes se abren a las 07:30 horas<\/strong>, debido a que ese es el horario de entrada de los funcionarios.<\/li>\n<li>Les recordamos que el&nbsp;<strong>horario de ingreso a clases de los estudiantes<\/strong>&nbsp;es a las 08:00 horas.<\/li>\n<li>Siguiendo los lineamientos Ministeriales para evitar la propagaci\u00f3n del virus, debemos tener especial cuidado en algunas acciones que hemos estado observando. Por lo anterior, no se aceptar\u00e1 ning\u00fan tipo de alimento en la recepci\u00f3n del colegio (loncheras, delivery, termos y similares).&nbsp;<\/li>\n<li>Para evitar aglomeraciones durante la salida de los estudiantes de 1ros y 2dos b\u00e1sicos, la Recepci\u00f3n del Colegio no atender\u00e1 al p\u00fablico durante esos 15 minutos.<\/li>\n<\/ol>\n<p>Agradecemos a ustedes la cooperaci\u00f3n y los invitamos a seguir cuid\u00e1ndonos.<\/p>\n<p>Rector\u00eda<br \/>\nConvivencia Escolar<\/p>\n<p>&nbsp;<\/p>\n<p>&nbsp;<\/p>\n<p>&nbsp;<\/p>\n<p>&nbsp;<\/p>\n","protected":false},"excerpt":{"rendered":"<p>Estimadas familias: Esperando que se encuentren muy bien, recordamos a ustedes las siguientes medidas con el objetivo de alinearnos y mejorar la gesti\u00f3n en esta vuelta a la presencialidad: Las&nbsp;puertas de acceso a los estudiantes se abren a las 07:30 horas, debido a que ese es el horario de entrada de los funcionarios. Les recordamos&hellip;<\/p>\n","protected":false},"author":1,"featured_media":0,"comment_status":"closed","ping_status":"closed","sticky":false,"template":"","format":"standard","meta":[],"categories":[3],"tags":[],"_links":{"self":[{"href":"http:\/\/sanignacioconcepcion.cl\/sitio\/wp-json\/wp\/v2\/posts\/4373"}],"collection":[{"href":"http:\/\/sanignacioconcepcion.cl\/sitio\/wp-json\/wp\/v2\/posts"}],"about":[{"href":"http:\/\/sanignacioconcepcion.cl\/sitio\/wp-json\/wp\/v2\/types\/post"}],"author":[{"embeddable":true,"href":"http:\/\/sanignacioconcepcion.cl\/sitio\/wp-json\/wp\/v2\/users\/1"}],"replies":[{"embeddable":true,"href":"http:\/\/sanignacioconcepcion.cl\/sitio\/wp-json\/wp\/v2\/comments?post=4373"}],"version-history":[{"count":2,"href":"http:\/\/sanignacioconcepcion.cl\/sitio\/wp-json\/wp\/v2\/posts\/4373\/revisions"}],"predecessor-version":[{"id":8748,"href":"http:\/\/sanignacioconcepcion.cl\/sitio\/wp-json\/wp\/v2\/posts\/4373\/revisions\/8748"}],"wp:attachment":[{"href":"http:\/\/sanignacioconcepcion.cl\/sitio\/wp-json\/wp\/v2\/media?parent=4373"}],"wp:term":[{"taxonomy":"category","embeddable":true,"href":"http:\/\/sanignacioconcepcion.cl\/sitio\/wp-json\/wp\/v2\/categories?post=4373"},{"taxonomy":"post_tag","embeddable":true,"href":"http:\/\/sanignacioconcepcion.cl\/sitio\/wp-json\/wp\/v2\/tags?post=4373"}],"curies":[{"name":"wp","href":"https:\/\/api.w.org\/{rel}","templated":true}]}}