{"id":4655,"date":"2022-05-06T13:05:08","date_gmt":"2022-05-06T13:05:08","guid":{"rendered":"http:\/\/sanignacioconcepcion.cl\/sitio\/?p=4655"},"modified":"2022-05-06T13:05:08","modified_gmt":"2022-05-06T13:05:08","slug":"procedimiento-de-salida-de-los-estudiantes-de-1o-y-2o-basico","status":"publish","type":"post","link":"http:\/\/sanignacioconcepcion.cl\/sitio\/procedimiento-de-salida-de-los-estudiantes-de-1o-y-2o-basico\/","title":{"rendered":"Procedimiento\u00a0de salida de los estudiantes de 1\u00ba y 2\u00ba b\u00e1sico"},"content":{"rendered":"<div dir=\"auto\">\n<div class=\"gmail_default\">Estimados apoderados de 1\u00b0 y 2\u00b0 b\u00e1sicos, Ciclo Loyola:<\/div>\n<div>&nbsp;<\/div>\n<div class=\"gmail_default\">Junto con saludarles cordialmente, se procede a informar una medida de mejora en el procedimiento&nbsp;de salida de los estudiantes.<\/div>\n<div>&nbsp;<\/div>\n<\/div>\n<div dir=\"auto\">1)<strong>A partir del lunes 9 de mayo<\/strong> desde las 14:15 horas , los apoderados y personal del transporte escolar podr\u00e1n ingresar al pasillo de salas de 1\u00b0 y 2\u00b0 B\u00e1sicos y retirar a los\/las estudiantes.&nbsp;<\/div>\n<div dir=\"auto\">&nbsp;<\/div>\n<div dir=\"auto\">2) Los padres \/ apoderados y personal del transporte escolar s\u00f3lo podr\u00e1n ingresar a las salas designadas y no a otras \u00e1reas del establecimiento desde las 14.15 hrs hasta las 14.30 hrs.<\/div>\n<div dir=\"auto\">&nbsp;<\/div>\n<div dir=\"auto\">\n<div class=\"gmail_default\">3)El tiempo&nbsp; de retiro ser\u00e1 monitoreado por asistentes de ciclo para que&nbsp; se lleve a cabo de manera segura, breve&nbsp; y expedita.<\/div>\n<div>&nbsp;<\/div>\n<div class=\"gmail_default\">4)Esta instancia s\u00f3lo es para retiro y no para di\u00e1logo ni&nbsp; entrevistas con profesores.<\/div>\n<div>&nbsp;<\/div>\n<div class=\"gmail_default\">Esperamos una buena acogida y toda la colaboraci\u00f3n de ambas partes para que esta iniciativa cumpla su verdadero prop\u00f3sito: seguridad y eficacia.<\/div>\n<div class=\"gmail_default\">&nbsp;<\/div>\n<div class=\"gmail_default\">Un saludo cordial,<\/div>\n<div>&nbsp;<\/div>\n<\/div>\n<div>Viviana P\u00e9rez P.<\/div>\n<div>Directora Ciclo Loyola<\/div>\n","protected":false},"excerpt":{"rendered":"<p>Estimados apoderados de 1\u00b0 y 2\u00b0 b\u00e1sicos, Ciclo Loyola: &nbsp; Junto con saludarles cordialmente, se procede a informar una medida de mejora en el procedimiento&nbsp;de salida de los estudiantes. &nbsp; 1)A partir del lunes 9 de mayo desde las 14:15 horas , los apoderados y personal del transporte escolar podr\u00e1n ingresar al pasillo de salas&hellip;<\/p>\n","protected":false},"author":1,"featured_media":0,"comment_status":"closed","ping_status":"closed","sticky":false,"template":"","format":"standard","meta":[],"categories":[3],"tags":[],"_links":{"self":[{"href":"http:\/\/sanignacioconcepcion.cl\/sitio\/wp-json\/wp\/v2\/posts\/4655"}],"collection":[{"href":"http:\/\/sanignacioconcepcion.cl\/sitio\/wp-json\/wp\/v2\/posts"}],"about":[{"href":"http:\/\/sanignacioconcepcion.cl\/sitio\/wp-json\/wp\/v2\/types\/post"}],"author":[{"embeddable":true,"href":"http:\/\/sanignacioconcepcion.cl\/sitio\/wp-json\/wp\/v2\/users\/1"}],"replies":[{"embeddable":true,"href":"http:\/\/sanignacioconcepcion.cl\/sitio\/wp-json\/wp\/v2\/comments?post=4655"}],"version-history":[{"count":1,"href":"http:\/\/sanignacioconcepcion.cl\/sitio\/wp-json\/wp\/v2\/posts\/4655\/revisions"}],"predecessor-version":[{"id":4656,"href":"http:\/\/sanignacioconcepcion.cl\/sitio\/wp-json\/wp\/v2\/posts\/4655\/revisions\/4656"}],"wp:attachment":[{"href":"http:\/\/sanignacioconcepcion.cl\/sitio\/wp-json\/wp\/v2\/media?parent=4655"}],"wp:term":[{"taxonomy":"category","embeddable":true,"href":"http:\/\/sanignacioconcepcion.cl\/sitio\/wp-json\/wp\/v2\/categories?post=4655"},{"taxonomy":"post_tag","embeddable":true,"href":"http:\/\/sanignacioconcepcion.cl\/sitio\/wp-json\/wp\/v2\/tags?post=4655"}],"curies":[{"name":"wp","href":"https:\/\/api.w.org\/{rel}","templated":true}]}}