{"id":4687,"date":"2022-05-11T21:06:54","date_gmt":"2022-05-11T21:06:54","guid":{"rendered":"http:\/\/sanignacioconcepcion.cl\/sitio\/?p=4687"},"modified":"2022-05-24T16:19:58","modified_gmt":"2022-05-24T16:19:58","slug":"reunion-de-apoderados-24-y-25-de-mayo","status":"publish","type":"post","link":"http:\/\/sanignacioconcepcion.cl\/sitio\/reunion-de-apoderados-24-y-25-de-mayo\/","title":{"rendered":"Reuni\u00f3n de Apoderados &#8211; 24 y 25 de mayo"},"content":{"rendered":"<p class=\"_04xlpA direction-ltr align-justify para-style-body\"><span class=\"JsGRdQ\">Estimadas familias:<\/span><\/p>\n<p class=\"_04xlpA direction-ltr align-justify para-style-body\"><span class=\"JsGRdQ\">Informamos a ustedes que los d\u00edas martes 24 y mi\u00e9rcoles 25 de mayo se realizar\u00e1 la <strong>Segunda Reuni\u00f3n de Apoderados<\/strong> del a\u00f1o, en esta oportunidad <strong>de <\/strong><\/span><strong><span class=\"JsGRdQ\">manera presencial.<\/span><\/strong><\/p>\n<p class=\"_04xlpA direction-ltr align-justify para-style-body\"><span class=\"JsGRdQ\">Los horarios establecidos para estas reuniones son los siguientes:<\/span><\/p>\n<ul>\n<li><span class=\"JsGRdQ\">Ciclo Loyola: <\/span><span class=\"JsGRdQ\">desde pre k\u00ednder a 2do b\u00e1sico, <\/span><span class=\"JsGRdQ\">martes 24 de mayo<\/span><span class=\"JsGRdQ\"><span class=\"JsGRdQ\">, 19:00 h (<em>excepto 2BC que se realizar\u00e1 el 25 de mayo, 19h<\/em>).<\/span><\/span><\/li>\n<li>Ciclos Manresa y Roma:&nbsp;<span class=\"JsGRdQ\">desde 3ro b\u00e1sico a IV\u00ba medio, <\/span><span class=\"JsGRdQ\">mi\u00e9rcoles 25 de mayo<\/span><span class=\"JsGRdQ\">, 19:00 h (<em>excepto 2MA y 3MB que se realizar\u00e1 el 24 de mayo)<\/em><\/span><\/li>\n<\/ul>\n<ul>\n<li><span class=\"JsGRdQ\"><em>SE SUSPENDE, hasta nuevo aviso: 3 b\u00e1sico A, 4to b\u00e1sico B, 5A y 6A<\/em>.<\/span><\/li>\n<li>SE RE-PROGRAMARON para el mi\u00e9rcoles 1 de junio 19:00 horas (virtual): 8A y IV\u00ba medio B.<\/li>\n<\/ul>\n<p class=\"_04xlpA direction-ltr align-justify para-style-body\"><span class=\"JsGRdQ\">Direcciones de Ciclo<\/span><\/p>\n","protected":false},"excerpt":{"rendered":"<p>Estimadas familias: Informamos a ustedes que los d\u00edas martes 24 y mi\u00e9rcoles 25 de mayo se realizar\u00e1 la Segunda Reuni\u00f3n de Apoderados del a\u00f1o, en esta oportunidad de manera presencial. Los horarios establecidos para estas reuniones son los siguientes: Ciclo Loyola: desde pre k\u00ednder a 2do b\u00e1sico, martes 24 de mayo, 19:00 h (excepto 2BC&hellip;<\/p>\n","protected":false},"author":1,"featured_media":0,"comment_status":"closed","ping_status":"closed","sticky":false,"template":"","format":"standard","meta":[],"categories":[3],"tags":[],"_links":{"self":[{"href":"http:\/\/sanignacioconcepcion.cl\/sitio\/wp-json\/wp\/v2\/posts\/4687"}],"collection":[{"href":"http:\/\/sanignacioconcepcion.cl\/sitio\/wp-json\/wp\/v2\/posts"}],"about":[{"href":"http:\/\/sanignacioconcepcion.cl\/sitio\/wp-json\/wp\/v2\/types\/post"}],"author":[{"embeddable":true,"href":"http:\/\/sanignacioconcepcion.cl\/sitio\/wp-json\/wp\/v2\/users\/1"}],"replies":[{"embeddable":true,"href":"http:\/\/sanignacioconcepcion.cl\/sitio\/wp-json\/wp\/v2\/comments?post=4687"}],"version-history":[{"count":6,"href":"http:\/\/sanignacioconcepcion.cl\/sitio\/wp-json\/wp\/v2\/posts\/4687\/revisions"}],"predecessor-version":[{"id":4742,"href":"http:\/\/sanignacioconcepcion.cl\/sitio\/wp-json\/wp\/v2\/posts\/4687\/revisions\/4742"}],"wp:attachment":[{"href":"http:\/\/sanignacioconcepcion.cl\/sitio\/wp-json\/wp\/v2\/media?parent=4687"}],"wp:term":[{"taxonomy":"category","embeddable":true,"href":"http:\/\/sanignacioconcepcion.cl\/sitio\/wp-json\/wp\/v2\/categories?post=4687"},{"taxonomy":"post_tag","embeddable":true,"href":"http:\/\/sanignacioconcepcion.cl\/sitio\/wp-json\/wp\/v2\/tags?post=4687"}],"curies":[{"name":"wp","href":"https:\/\/api.w.org\/{rel}","templated":true}]}}