{"id":4752,"date":"2022-05-30T14:01:19","date_gmt":"2022-05-30T14:01:19","guid":{"rendered":"http:\/\/sanignacioconcepcion.cl\/sitio\/?p=4752"},"modified":"2022-05-30T14:01:36","modified_gmt":"2022-05-30T14:01:36","slug":"campana-solidaria-2","status":"publish","type":"post","link":"http:\/\/sanignacioconcepcion.cl\/sitio\/campana-solidaria-2\/","title":{"rendered":"Campa\u00f1a Solidaria &#8211; \u00a1Necesitamos de tu colaboraci\u00f3n!"},"content":{"rendered":"<p>Durante la tarde del s\u00e1bado 28 de mayo, la familia de dos de nuestros estudiantes (1\u00baMC y 4\u00baBA), se vio afectada producto de un incendio el que gener\u00f3 p\u00e9rdida estructural de la vivienda y sus pertenencias.<br \/>\nEs por ello que necesitamos de su ayuda para la reconstrucci\u00f3n y las cosas materiales que ellos y su familia necesitan.<br \/>\nA continuaci\u00f3n dejamos los datos de la cuenta de la mam\u00e1 para realizar sus aportes:<\/p>\n<p style=\"text-align: center;\"><b>Marcela Figueroa<br \/>\nCuenta RUT &#8211; 11291601-6<\/b><\/p>\n<p style=\"text-align: center;\">\u00a1Gracias por sumarte!<\/p>\n","protected":false},"excerpt":{"rendered":"<p>Durante la tarde del s\u00e1bado 28 de mayo, la familia de dos de nuestros estudiantes (1\u00baMC y 4\u00baBA), se vio afectada producto de un incendio el que gener\u00f3 p\u00e9rdida estructural de la vivienda y sus pertenencias. Es por ello que necesitamos de su ayuda para la reconstrucci\u00f3n y las cosas materiales que ellos y su&hellip;<\/p>\n","protected":false},"author":1,"featured_media":0,"comment_status":"closed","ping_status":"closed","sticky":false,"template":"","format":"standard","meta":[],"categories":[3],"tags":[],"_links":{"self":[{"href":"http:\/\/sanignacioconcepcion.cl\/sitio\/wp-json\/wp\/v2\/posts\/4752"}],"collection":[{"href":"http:\/\/sanignacioconcepcion.cl\/sitio\/wp-json\/wp\/v2\/posts"}],"about":[{"href":"http:\/\/sanignacioconcepcion.cl\/sitio\/wp-json\/wp\/v2\/types\/post"}],"author":[{"embeddable":true,"href":"http:\/\/sanignacioconcepcion.cl\/sitio\/wp-json\/wp\/v2\/users\/1"}],"replies":[{"embeddable":true,"href":"http:\/\/sanignacioconcepcion.cl\/sitio\/wp-json\/wp\/v2\/comments?post=4752"}],"version-history":[{"count":2,"href":"http:\/\/sanignacioconcepcion.cl\/sitio\/wp-json\/wp\/v2\/posts\/4752\/revisions"}],"predecessor-version":[{"id":4754,"href":"http:\/\/sanignacioconcepcion.cl\/sitio\/wp-json\/wp\/v2\/posts\/4752\/revisions\/4754"}],"wp:attachment":[{"href":"http:\/\/sanignacioconcepcion.cl\/sitio\/wp-json\/wp\/v2\/media?parent=4752"}],"wp:term":[{"taxonomy":"category","embeddable":true,"href":"http:\/\/sanignacioconcepcion.cl\/sitio\/wp-json\/wp\/v2\/categories?post=4752"},{"taxonomy":"post_tag","embeddable":true,"href":"http:\/\/sanignacioconcepcion.cl\/sitio\/wp-json\/wp\/v2\/tags?post=4752"}],"curies":[{"name":"wp","href":"https:\/\/api.w.org\/{rel}","templated":true}]}}