{"id":4763,"date":"2022-05-31T13:21:58","date_gmt":"2022-05-31T13:21:58","guid":{"rendered":"http:\/\/sanignacioconcepcion.cl\/sitio\/?p=4763"},"modified":"2022-05-31T13:22:20","modified_gmt":"2022-05-31T13:22:20","slug":"receso-academico-martes-14-de-junio","status":"publish","type":"post","link":"http:\/\/sanignacioconcepcion.cl\/sitio\/receso-academico-martes-14-de-junio\/","title":{"rendered":"Receso acad\u00e9mico &#8211; martes 14 de junio"},"content":{"rendered":"<div>Estimadas familias:<\/div>\n<div>&nbsp;<\/div>\n<div>Informamos que el <strong>martes 14 de junio<\/strong>&nbsp;habr\u00e1 un receso acad\u00e9mico. El prop\u00f3sito de este d\u00eda es que tanto estudiantes como profesores se pongan al d\u00eda con sus tareas y labores.<\/div>\n<div>&nbsp;<\/div>\n<div>Por lo anterior, los profesores cumplir\u00e1n con su jornada laboral, sin embargo, nuestros estudiantes <strong>no<\/strong> deben asistir presencialmente, ser\u00e1 un tiempo para que ellos y ellas tambi\u00e9n puedan avanzar, desde sus casas, en lo pendiente.<\/div>\n<div>&nbsp;<\/div>\n<div>Claudia Messina A.<br \/>\nRectora<\/div>\n","protected":false},"excerpt":{"rendered":"<p>Estimadas familias: &nbsp; Informamos que el martes 14 de junio&nbsp;habr\u00e1 un receso acad\u00e9mico. El prop\u00f3sito de este d\u00eda es que tanto estudiantes como profesores se pongan al d\u00eda con sus tareas y labores. &nbsp; Por lo anterior, los profesores cumplir\u00e1n con su jornada laboral, sin embargo, nuestros estudiantes no deben asistir presencialmente, ser\u00e1 un tiempo&hellip;<\/p>\n","protected":false},"author":1,"featured_media":0,"comment_status":"closed","ping_status":"closed","sticky":false,"template":"","format":"standard","meta":[],"categories":[3],"tags":[],"_links":{"self":[{"href":"http:\/\/sanignacioconcepcion.cl\/sitio\/wp-json\/wp\/v2\/posts\/4763"}],"collection":[{"href":"http:\/\/sanignacioconcepcion.cl\/sitio\/wp-json\/wp\/v2\/posts"}],"about":[{"href":"http:\/\/sanignacioconcepcion.cl\/sitio\/wp-json\/wp\/v2\/types\/post"}],"author":[{"embeddable":true,"href":"http:\/\/sanignacioconcepcion.cl\/sitio\/wp-json\/wp\/v2\/users\/1"}],"replies":[{"embeddable":true,"href":"http:\/\/sanignacioconcepcion.cl\/sitio\/wp-json\/wp\/v2\/comments?post=4763"}],"version-history":[{"count":1,"href":"http:\/\/sanignacioconcepcion.cl\/sitio\/wp-json\/wp\/v2\/posts\/4763\/revisions"}],"predecessor-version":[{"id":4764,"href":"http:\/\/sanignacioconcepcion.cl\/sitio\/wp-json\/wp\/v2\/posts\/4763\/revisions\/4764"}],"wp:attachment":[{"href":"http:\/\/sanignacioconcepcion.cl\/sitio\/wp-json\/wp\/v2\/media?parent=4763"}],"wp:term":[{"taxonomy":"category","embeddable":true,"href":"http:\/\/sanignacioconcepcion.cl\/sitio\/wp-json\/wp\/v2\/categories?post=4763"},{"taxonomy":"post_tag","embeddable":true,"href":"http:\/\/sanignacioconcepcion.cl\/sitio\/wp-json\/wp\/v2\/tags?post=4763"}],"curies":[{"name":"wp","href":"https:\/\/api.w.org\/{rel}","templated":true}]}}