{"id":4781,"date":"2022-06-01T19:48:39","date_gmt":"2022-06-01T19:48:39","guid":{"rendered":"http:\/\/sanignacioconcepcion.cl\/sitio\/?p=4781"},"modified":"2022-06-07T15:07:17","modified_gmt":"2022-06-07T15:07:17","slug":"taller-padres-e-hijos-8vos-basicos","status":"publish","type":"post","link":"http:\/\/sanignacioconcepcion.cl\/sitio\/taller-padres-e-hijos-8vos-basicos\/","title":{"rendered":"RE-PROGRAMADO: Taller Padres e Hijos &#8211; 8vos b\u00e1sicos"},"content":{"rendered":"<div>Estimados padres\/madres e hijos\/as:<\/div>\n<div>&nbsp;<\/div>\n<div>Queremos invitarlos a participar del Taller Madre\/Padre e hijo\/a, que busca ser un espacio de encuentro diferente entre ustedes.<\/div>\n<div>&nbsp;<\/div>\n<div>Esta actividad se realizar\u00e1 el<strong>&nbsp;<span style=\"color: #800080;\">S\u00c1BADO 02 DE JULIO de 10:00 a&nbsp;12:30 horas.<\/span><\/strong><\/div>\n<div>Para iniciar el taller nos reuniremos los tres octavos en la Capilla.<\/div>\n<div>&nbsp;<\/div>\n<div><strong>Para ese d\u00eda:<\/strong><\/div>\n<div>&#8211; Asiste solo la mam\u00e1 o el pap\u00e1 junto al hijo\/a (por temas de espacio no puede venir la pareja)<\/div>\n<div>&#8211; Se solicita a todos\/as, ser puntuales.<\/div>\n<div>&#8211; Deben traer una foto de ustedes (pap\u00e1\/mam\u00e1 que asiste) cuando estaban en 8vo o cercano a esa edad, o buscar alg\u00fan recuerdo de esa \u00e9poca. Puede ser de manera digital. SOLO LA MAM\u00c1 o PAP\u00c1 trae foto.<\/div>\n<div>&#8211; Disponer de tiempo y mucho entusiasmo para compartir y disfrutar de esta jornada junto a sus hijos\/as.<\/div>\n<div>&nbsp;<\/div>\n<div>Los esperamos,<\/div>\n<div>&nbsp;<\/div>\n<div>Triada Roma<\/div>\n<div>Eny, Mar y Erika<\/div>\n<div>&nbsp;<\/div>\n<div><img loading=\"lazy\" class=\"aligncenter size-full wp-image-4800\" src=\"http:\/\/sanignacioconcepcion.cl\/sitio\/wp-content\/uploads\/2022\/06\/Menta-Marquesina-de-Teatro-Palomitas-Noche-de-Cine-Invitacion-3.png\" alt=\"\" width=\"1654\" height=\"1654\" srcset=\"http:\/\/sanignacioconcepcion.cl\/sitio\/wp-content\/uploads\/2022\/06\/Menta-Marquesina-de-Teatro-Palomitas-Noche-de-Cine-Invitacion-3.png 1654w, http:\/\/sanignacioconcepcion.cl\/sitio\/wp-content\/uploads\/2022\/06\/Menta-Marquesina-de-Teatro-Palomitas-Noche-de-Cine-Invitacion-3-300x300.png 300w, http:\/\/sanignacioconcepcion.cl\/sitio\/wp-content\/uploads\/2022\/06\/Menta-Marquesina-de-Teatro-Palomitas-Noche-de-Cine-Invitacion-3-1024x1024.png 1024w, http:\/\/sanignacioconcepcion.cl\/sitio\/wp-content\/uploads\/2022\/06\/Menta-Marquesina-de-Teatro-Palomitas-Noche-de-Cine-Invitacion-3-150x150.png 150w, http:\/\/sanignacioconcepcion.cl\/sitio\/wp-content\/uploads\/2022\/06\/Menta-Marquesina-de-Teatro-Palomitas-Noche-de-Cine-Invitacion-3-768x768.png 768w, http:\/\/sanignacioconcepcion.cl\/sitio\/wp-content\/uploads\/2022\/06\/Menta-Marquesina-de-Teatro-Palomitas-Noche-de-Cine-Invitacion-3-1536x1536.png 1536w, http:\/\/sanignacioconcepcion.cl\/sitio\/wp-content\/uploads\/2022\/06\/Menta-Marquesina-de-Teatro-Palomitas-Noche-de-Cine-Invitacion-3-600x600.png 600w\" sizes=\"(max-width: 1654px) 100vw, 1654px\" \/><\/div>\n","protected":false},"excerpt":{"rendered":"<p>Estimados padres\/madres e hijos\/as: &nbsp; Queremos invitarlos a participar del Taller Madre\/Padre e hijo\/a, que busca ser un espacio de encuentro diferente entre ustedes. &nbsp; Esta actividad se realizar\u00e1 el&nbsp;S\u00c1BADO 02 DE JULIO de 10:00 a&nbsp;12:30 horas. Para iniciar el taller nos reuniremos los tres octavos en la Capilla. &nbsp; Para ese d\u00eda: &#8211; Asiste&hellip;<\/p>\n","protected":false},"author":1,"featured_media":0,"comment_status":"closed","ping_status":"closed","sticky":false,"template":"","format":"standard","meta":[],"categories":[3],"tags":[],"_links":{"self":[{"href":"http:\/\/sanignacioconcepcion.cl\/sitio\/wp-json\/wp\/v2\/posts\/4781"}],"collection":[{"href":"http:\/\/sanignacioconcepcion.cl\/sitio\/wp-json\/wp\/v2\/posts"}],"about":[{"href":"http:\/\/sanignacioconcepcion.cl\/sitio\/wp-json\/wp\/v2\/types\/post"}],"author":[{"embeddable":true,"href":"http:\/\/sanignacioconcepcion.cl\/sitio\/wp-json\/wp\/v2\/users\/1"}],"replies":[{"embeddable":true,"href":"http:\/\/sanignacioconcepcion.cl\/sitio\/wp-json\/wp\/v2\/comments?post=4781"}],"version-history":[{"count":3,"href":"http:\/\/sanignacioconcepcion.cl\/sitio\/wp-json\/wp\/v2\/posts\/4781\/revisions"}],"predecessor-version":[{"id":4801,"href":"http:\/\/sanignacioconcepcion.cl\/sitio\/wp-json\/wp\/v2\/posts\/4781\/revisions\/4801"}],"wp:attachment":[{"href":"http:\/\/sanignacioconcepcion.cl\/sitio\/wp-json\/wp\/v2\/media?parent=4781"}],"wp:term":[{"taxonomy":"category","embeddable":true,"href":"http:\/\/sanignacioconcepcion.cl\/sitio\/wp-json\/wp\/v2\/categories?post=4781"},{"taxonomy":"post_tag","embeddable":true,"href":"http:\/\/sanignacioconcepcion.cl\/sitio\/wp-json\/wp\/v2\/tags?post=4781"}],"curies":[{"name":"wp","href":"https:\/\/api.w.org\/{rel}","templated":true}]}}