{"id":4843,"date":"2022-06-18T19:50:43","date_gmt":"2022-06-18T19:50:43","guid":{"rendered":"http:\/\/sanignacioconcepcion.cl\/sitio\/?p=4843"},"modified":"2022-07-25T13:42:49","modified_gmt":"2022-07-25T13:42:49","slug":"informativo-sobre-fecha-importantes-junio-y-julio-2022","status":"publish","type":"post","link":"http:\/\/sanignacioconcepcion.cl\/sitio\/informativo-sobre-fecha-importantes-junio-y-julio-2022\/","title":{"rendered":"Informativo sobre fechas importantes junio y julio 2022"},"content":{"rendered":"<p><strong>INFORMATIVO ACTUALIZADO&nbsp;<\/strong><\/p>\n<p style=\"font-weight: 400;\">Estimadas familias:<\/p>\n<p style=\"font-weight: 400;\">Junto con saludar, y tal como lo informamos el pasado 15 de junio, considerando la indicaci\u00f3n entregada por el MINEDUC respecto al adelanto de las vacaciones de invierno, hemos tenido que ajustar nuestro calendario acad\u00e9mico a estas nuevas fechas, lo que informamos a continuaci\u00f3n:<\/p>\n<p><img loading=\"lazy\" class=\"aligncenter size-full wp-image-4914\" src=\"http:\/\/sanignacioconcepcion.cl\/sitio\/wp-content\/uploads\/2022\/06\/Captura-de-Pantalla-2022-06-17-a-las-13.41.21.png\" alt=\"\" width=\"1458\" height=\"610\" srcset=\"http:\/\/sanignacioconcepcion.cl\/sitio\/wp-content\/uploads\/2022\/06\/Captura-de-Pantalla-2022-06-17-a-las-13.41.21.png 1458w, http:\/\/sanignacioconcepcion.cl\/sitio\/wp-content\/uploads\/2022\/06\/Captura-de-Pantalla-2022-06-17-a-las-13.41.21-1024x428.png 1024w, http:\/\/sanignacioconcepcion.cl\/sitio\/wp-content\/uploads\/2022\/06\/Captura-de-Pantalla-2022-06-17-a-las-13.41.21-768x321.png 768w, http:\/\/sanignacioconcepcion.cl\/sitio\/wp-content\/uploads\/2022\/06\/Captura-de-Pantalla-2022-06-17-a-las-13.41.21-600x251.png 600w\" sizes=\"(max-width: 1458px) 100vw, 1458px\" \/><\/p>\n<div><b>Lunes 25 de julio: Inicio de clases 2do semestre<\/b><\/div>\n<p><img loading=\"lazy\" class=\"aligncenter size-full wp-image-4970\" src=\"http:\/\/sanignacioconcepcion.cl\/sitio\/wp-content\/uploads\/2022\/06\/Captura-de-Pantalla-2022-07-25-a-las-09.41.59.png\" alt=\"\" width=\"1164\" height=\"1414\" srcset=\"http:\/\/sanignacioconcepcion.cl\/sitio\/wp-content\/uploads\/2022\/06\/Captura-de-Pantalla-2022-07-25-a-las-09.41.59.png 1164w, http:\/\/sanignacioconcepcion.cl\/sitio\/wp-content\/uploads\/2022\/06\/Captura-de-Pantalla-2022-07-25-a-las-09.41.59-843x1024.png 843w, http:\/\/sanignacioconcepcion.cl\/sitio\/wp-content\/uploads\/2022\/06\/Captura-de-Pantalla-2022-07-25-a-las-09.41.59-768x933.png 768w, http:\/\/sanignacioconcepcion.cl\/sitio\/wp-content\/uploads\/2022\/06\/Captura-de-Pantalla-2022-07-25-a-las-09.41.59-600x729.png 600w\" sizes=\"(max-width: 1164px) 100vw, 1164px\" \/><\/p>\n<ul style=\"font-weight: 400;\">\n<li>ACLE finaliza el s\u00e1bado 25 de junio y se reinicia el 25 de julio.<\/li>\n<\/ul>\n<p style=\"font-weight: 400;\"><strong>Sobre JUNAEB:<\/strong><\/p>\n<ul>\n<li>Estar\u00e1 disponible para todos\/as los \/las estudiantes beneficiarios\/as&nbsp;en los d\u00edas que las jornadas tendr\u00e1n ajustes en el horario&nbsp;de salida.<\/li>\n<li>El 30 de junio y 01 de julio se entrega desayuno y almuerzo a los estudiantes beneficiarios.<\/li>\n<li>Desde el 4 al 8 de julio se ofrecer\u00e1 a los estudiantes el servicio regular de alimentaci\u00f3n JUNAEB.<\/li>\n<\/ul>\n<p style=\"font-weight: 400;\">Junto a lo anterior, es importante se\u00f1alar que las actividades programadas durante las vacaciones de invierno quedan suspendidas, tanto dentro como fuera del establecimiento, en concordancia a lo dictaminado por MINSAL y MINEDUC. Por tanto, el colegio no podr\u00e1 ser utilizado para actividades deportivas y\/o encuentros de movimientos (CVX, MEJ, Scouts). Estas medidas apuntan al resguardo de la salud de nuestros estudiantes y educadores.<\/p>\n<p style=\"font-weight: 400;\">Finalmente, les informo que producto de toda esta modificaci\u00f3n en el calendario acad\u00e9mico, no se aplicar\u00e1n las pruebas recuperativas para el 1er semestre de todas las asignaturas y niveles.<\/p>\n<p style=\"font-weight: 400;\">A la comunidad ignaciana, le deseo unas reponedoras vacaciones y los invito a seguir cuid\u00e1ndose para poder detener el avance del virus y volver a reencontrarnos en julio, listos y dispuestos para comenzar un nuevo semestre.<\/p>\n<p style=\"font-weight: 400;\">&nbsp;<\/p>\n<p style=\"font-weight: 400;\">Atentamente,<\/p>\n<p style=\"font-weight: 400;\">Claudia Messina<\/p>\n<p style=\"font-weight: 400;\">Rectora<\/p>\n","protected":false},"excerpt":{"rendered":"<p>INFORMATIVO ACTUALIZADO&nbsp; Estimadas familias: Junto con saludar, y tal como lo informamos el pasado 15 de junio, considerando la indicaci\u00f3n entregada por el MINEDUC respecto al adelanto de las vacaciones de invierno, hemos tenido que ajustar nuestro calendario acad\u00e9mico a estas nuevas fechas, lo que informamos a continuaci\u00f3n: Lunes 25 de julio: Inicio de clases&hellip;<\/p>\n","protected":false},"author":1,"featured_media":0,"comment_status":"closed","ping_status":"closed","sticky":false,"template":"","format":"standard","meta":[],"categories":[3],"tags":[],"_links":{"self":[{"href":"http:\/\/sanignacioconcepcion.cl\/sitio\/wp-json\/wp\/v2\/posts\/4843"}],"collection":[{"href":"http:\/\/sanignacioconcepcion.cl\/sitio\/wp-json\/wp\/v2\/posts"}],"about":[{"href":"http:\/\/sanignacioconcepcion.cl\/sitio\/wp-json\/wp\/v2\/types\/post"}],"author":[{"embeddable":true,"href":"http:\/\/sanignacioconcepcion.cl\/sitio\/wp-json\/wp\/v2\/users\/1"}],"replies":[{"embeddable":true,"href":"http:\/\/sanignacioconcepcion.cl\/sitio\/wp-json\/wp\/v2\/comments?post=4843"}],"version-history":[{"count":8,"href":"http:\/\/sanignacioconcepcion.cl\/sitio\/wp-json\/wp\/v2\/posts\/4843\/revisions"}],"predecessor-version":[{"id":4971,"href":"http:\/\/sanignacioconcepcion.cl\/sitio\/wp-json\/wp\/v2\/posts\/4843\/revisions\/4971"}],"wp:attachment":[{"href":"http:\/\/sanignacioconcepcion.cl\/sitio\/wp-json\/wp\/v2\/media?parent=4843"}],"wp:term":[{"taxonomy":"category","embeddable":true,"href":"http:\/\/sanignacioconcepcion.cl\/sitio\/wp-json\/wp\/v2\/categories?post=4843"},{"taxonomy":"post_tag","embeddable":true,"href":"http:\/\/sanignacioconcepcion.cl\/sitio\/wp-json\/wp\/v2\/tags?post=4843"}],"curies":[{"name":"wp","href":"https:\/\/api.w.org\/{rel}","templated":true}]}}