{"id":4866,"date":"2022-06-15T15:39:48","date_gmt":"2022-06-15T15:39:48","guid":{"rendered":"http:\/\/sanignacioconcepcion.cl\/sitio\/?p=4866"},"modified":"2022-06-15T15:50:03","modified_gmt":"2022-06-15T15:50:03","slug":"informacion-sobre-vacaciones-de-invierno-2022","status":"publish","type":"post","link":"http:\/\/sanignacioconcepcion.cl\/sitio\/informacion-sobre-vacaciones-de-invierno-2022\/","title":{"rendered":"Informativo sobre vacaciones de invierno 2022"},"content":{"rendered":"<p>Estimadas Familias:<\/p>\n<p>A ra\u00edz de la indicaci\u00f3n entregada por el MINEDUC y MINSAL, confirmo a ustedes las siguientes fechas respecto a las vacaciones de invierno:<\/p>\n<p><img loading=\"lazy\" class=\"aligncenter wp-image-4867\" src=\"http:\/\/sanignacioconcepcion.cl\/sitio\/wp-content\/uploads\/2022\/06\/Captura-de-Pantalla-2022-06-15-a-las-10.51.01.png\" alt=\"\" width=\"777\" height=\"101\" srcset=\"http:\/\/sanignacioconcepcion.cl\/sitio\/wp-content\/uploads\/2022\/06\/Captura-de-Pantalla-2022-06-15-a-las-10.51.01.png 1444w, http:\/\/sanignacioconcepcion.cl\/sitio\/wp-content\/uploads\/2022\/06\/Captura-de-Pantalla-2022-06-15-a-las-10.51.01-1024x133.png 1024w, http:\/\/sanignacioconcepcion.cl\/sitio\/wp-content\/uploads\/2022\/06\/Captura-de-Pantalla-2022-06-15-a-las-10.51.01-768x100.png 768w, http:\/\/sanignacioconcepcion.cl\/sitio\/wp-content\/uploads\/2022\/06\/Captura-de-Pantalla-2022-06-15-a-las-10.51.01-600x78.png 600w\" sizes=\"(max-width: 777px) 100vw, 777px\" \/><\/p>\n<div>Desde el 30 de junio al 8 de julio se ofrecer\u00e1 a los estudiantes el servicio regular de alimentaci\u00f3n JUNAEB.<\/div>\n<div>&nbsp;<\/div>\n<div>La semana de receso escolar que se incorpora ser\u00e1 sin recuperaci\u00f3n dado que responde a una medida sanitaria para la protecci\u00f3n de la poblaci\u00f3n.<\/div>\n<div>&nbsp;<\/div>\n<div>Pr\u00f3ximamente se informar\u00e1 m\u00e1s detalles, pues tendremos que ajustar nuestro calendario acad\u00e9mico a estas nuevas fechas, les pedimos est\u00e9n atentos a sus correos institucionales y a la web del colegio: <a href=\"https:\/\/4nn84.r.bh.d.sendibt3.com\/mk\/cl\/f\/4INbYb_7iujc1oQYnhu7wEX779ZnBts_vSHj7mUQvX_ZQt94i1OCjMS4NBUkKbJMfnGBosUZ1gYWxbAG_0_ur0NcYQovYtM-jY62cS6CBU5vtf4Rl-tA7wCYlm81UyMn8Nu6TXiu9-D9oiIv84ONbQcLTDSreFSf5LZijh3SideXJNzPwJLlCVNFdiTKxuOlqg\" target=\"_blank\" rel=\"noopener\" data-saferedirecturl=\"https:\/\/www.google.com\/url?q=https:\/\/4nn84.r.bh.d.sendibt3.com\/mk\/cl\/f\/4INbYb_7iujc1oQYnhu7wEX779ZnBts_vSHj7mUQvX_ZQt94i1OCjMS4NBUkKbJMfnGBosUZ1gYWxbAG_0_ur0NcYQovYtM-jY62cS6CBU5vtf4Rl-tA7wCYlm81UyMn8Nu6TXiu9-D9oiIv84ONbQcLTDSreFSf5LZijh3SideXJNzPwJLlCVNFdiTKxuOlqg&amp;source=gmail&amp;ust=1655392185027000&amp;usg=AOvVaw2s8aPj7Uk_a_ZUF-xBxa2O\">www.colegiosic.cl<\/a><\/div>\n<div>&nbsp;<\/div>\n<div>A continuaci\u00f3n, pueden revisar el Mensaje oficial a las Comunidades Educativa del Ministerio de Educaci\u00f3n:<\/div>\n<div>&nbsp;<\/div>\n<div><img loading=\"lazy\" class=\"aligncenter size-full wp-image-4865\" src=\"http:\/\/sanignacioconcepcion.cl\/sitio\/wp-content\/uploads\/2022\/06\/Mensaje-MINEDUC-Vacaciones-de-Invierno-2022.png\" alt=\"\" width=\"800\" height=\"2556\" srcset=\"http:\/\/sanignacioconcepcion.cl\/sitio\/wp-content\/uploads\/2022\/06\/Mensaje-MINEDUC-Vacaciones-de-Invierno-2022.png 800w, http:\/\/sanignacioconcepcion.cl\/sitio\/wp-content\/uploads\/2022\/06\/Mensaje-MINEDUC-Vacaciones-de-Invierno-2022-768x2454.png 768w, http:\/\/sanignacioconcepcion.cl\/sitio\/wp-content\/uploads\/2022\/06\/Mensaje-MINEDUC-Vacaciones-de-Invierno-2022-481x1536.png 481w, http:\/\/sanignacioconcepcion.cl\/sitio\/wp-content\/uploads\/2022\/06\/Mensaje-MINEDUC-Vacaciones-de-Invierno-2022-641x2048.png 641w, http:\/\/sanignacioconcepcion.cl\/sitio\/wp-content\/uploads\/2022\/06\/Mensaje-MINEDUC-Vacaciones-de-Invierno-2022-600x1917.png 600w\" sizes=\"(max-width: 800px) 100vw, 800px\" \/><\/div>\n","protected":false},"excerpt":{"rendered":"<p>Estimadas Familias: A ra\u00edz de la indicaci\u00f3n entregada por el MINEDUC y MINSAL, confirmo a ustedes las siguientes fechas respecto a las vacaciones de invierno: Desde el 30 de junio al 8 de julio se ofrecer\u00e1 a los estudiantes el servicio regular de alimentaci\u00f3n JUNAEB. &nbsp; La semana de receso escolar que se incorpora ser\u00e1&hellip;<\/p>\n","protected":false},"author":1,"featured_media":0,"comment_status":"closed","ping_status":"closed","sticky":false,"template":"","format":"standard","meta":[],"categories":[3],"tags":[],"_links":{"self":[{"href":"http:\/\/sanignacioconcepcion.cl\/sitio\/wp-json\/wp\/v2\/posts\/4866"}],"collection":[{"href":"http:\/\/sanignacioconcepcion.cl\/sitio\/wp-json\/wp\/v2\/posts"}],"about":[{"href":"http:\/\/sanignacioconcepcion.cl\/sitio\/wp-json\/wp\/v2\/types\/post"}],"author":[{"embeddable":true,"href":"http:\/\/sanignacioconcepcion.cl\/sitio\/wp-json\/wp\/v2\/users\/1"}],"replies":[{"embeddable":true,"href":"http:\/\/sanignacioconcepcion.cl\/sitio\/wp-json\/wp\/v2\/comments?post=4866"}],"version-history":[{"count":3,"href":"http:\/\/sanignacioconcepcion.cl\/sitio\/wp-json\/wp\/v2\/posts\/4866\/revisions"}],"predecessor-version":[{"id":4871,"href":"http:\/\/sanignacioconcepcion.cl\/sitio\/wp-json\/wp\/v2\/posts\/4866\/revisions\/4871"}],"wp:attachment":[{"href":"http:\/\/sanignacioconcepcion.cl\/sitio\/wp-json\/wp\/v2\/media?parent=4866"}],"wp:term":[{"taxonomy":"category","embeddable":true,"href":"http:\/\/sanignacioconcepcion.cl\/sitio\/wp-json\/wp\/v2\/categories?post=4866"},{"taxonomy":"post_tag","embeddable":true,"href":"http:\/\/sanignacioconcepcion.cl\/sitio\/wp-json\/wp\/v2\/tags?post=4866"}],"curies":[{"name":"wp","href":"https:\/\/api.w.org\/{rel}","templated":true}]}}