{"id":4977,"date":"2022-07-23T23:28:36","date_gmt":"2022-07-23T23:28:36","guid":{"rendered":"http:\/\/sanignacioconcepcion.cl\/sitio\/?p=4977"},"modified":"2022-07-25T23:32:16","modified_gmt":"2022-07-25T23:32:16","slug":"suspension-de-clases-martes-26-de-julio","status":"publish","type":"post","link":"http:\/\/sanignacioconcepcion.cl\/sitio\/suspension-de-clases-martes-26-de-julio\/","title":{"rendered":"Suspensi\u00f3n de Clases &#8211; Martes 26 de julio"},"content":{"rendered":"<div>Estimadas Comunidad:<\/div>\n<div>\n<div dir=\"auto\">Informamos que dado a un corte de energ\u00eda programado por la CGE para el <b>martes 26 de julio<\/b> en el sector, nuestro colegio estar\u00e1 obligado a suspender todas sus actividades del d\u00eda.&nbsp; Por lo anterior, no habr\u00e1 clases (ni online, ni presencial) y el colegio permanecer\u00e1 cerrado el d\u00eda 26.&nbsp;<\/div>\n<div dir=\"auto\">&nbsp;<\/div>\n<\/div>\n<div dir=\"auto\">Atentamente,<\/div>\n<div dir=\"auto\">&nbsp;<\/div>\n<div dir=\"auto\">Rector\u00eda<\/div>\n","protected":false},"excerpt":{"rendered":"<p>Estimadas Comunidad: Informamos que dado a un corte de energ\u00eda programado por la CGE para el martes 26 de julio en el sector, nuestro colegio estar\u00e1 obligado a suspender todas sus actividades del d\u00eda.&nbsp; Por lo anterior, no habr\u00e1 clases (ni online, ni presencial) y el colegio permanecer\u00e1 cerrado el d\u00eda 26.&nbsp; &nbsp; Atentamente, &nbsp;&hellip;<\/p>\n","protected":false},"author":1,"featured_media":0,"comment_status":"closed","ping_status":"closed","sticky":false,"template":"","format":"standard","meta":[],"categories":[3],"tags":[],"_links":{"self":[{"href":"http:\/\/sanignacioconcepcion.cl\/sitio\/wp-json\/wp\/v2\/posts\/4977"}],"collection":[{"href":"http:\/\/sanignacioconcepcion.cl\/sitio\/wp-json\/wp\/v2\/posts"}],"about":[{"href":"http:\/\/sanignacioconcepcion.cl\/sitio\/wp-json\/wp\/v2\/types\/post"}],"author":[{"embeddable":true,"href":"http:\/\/sanignacioconcepcion.cl\/sitio\/wp-json\/wp\/v2\/users\/1"}],"replies":[{"embeddable":true,"href":"http:\/\/sanignacioconcepcion.cl\/sitio\/wp-json\/wp\/v2\/comments?post=4977"}],"version-history":[{"count":1,"href":"http:\/\/sanignacioconcepcion.cl\/sitio\/wp-json\/wp\/v2\/posts\/4977\/revisions"}],"predecessor-version":[{"id":4978,"href":"http:\/\/sanignacioconcepcion.cl\/sitio\/wp-json\/wp\/v2\/posts\/4977\/revisions\/4978"}],"wp:attachment":[{"href":"http:\/\/sanignacioconcepcion.cl\/sitio\/wp-json\/wp\/v2\/media?parent=4977"}],"wp:term":[{"taxonomy":"category","embeddable":true,"href":"http:\/\/sanignacioconcepcion.cl\/sitio\/wp-json\/wp\/v2\/categories?post=4977"},{"taxonomy":"post_tag","embeddable":true,"href":"http:\/\/sanignacioconcepcion.cl\/sitio\/wp-json\/wp\/v2\/tags?post=4977"}],"curies":[{"name":"wp","href":"https:\/\/api.w.org\/{rel}","templated":true}]}}