{"id":54,"date":"2019-09-15T18:08:09","date_gmt":"2019-09-15T18:08:09","guid":{"rendered":"http:\/\/movilia.cl\/sanignacio\/?p=54"},"modified":"2019-11-15T15:19:42","modified_gmt":"2019-11-15T15:19:42","slug":"docente-de-ingles-ganadora-de-una-beca-otorgada-por-el-gobierno-de-ee-uu","status":"publish","type":"post","link":"http:\/\/sanignacioconcepcion.cl\/sitio\/docente-de-ingles-ganadora-de-una-beca-otorgada-por-el-gobierno-de-ee-uu\/","title":{"rendered":"Docente de Ingl\u00e9s ganadora de una beca otorgada por el gobierno de EE.UU"},"content":{"rendered":"<p>Nuestra docente de ingl\u00e9s, la Srta. Ver\u00f3nica Orme\u00f1o parti\u00f3 a Estados Unidos el pasado 2 de septiembre, tras ser una de los dos ganadores a nivel nacional, de un programa de becas otorgado por el Departamento de Estado junto a la entidad IREX. Ver\u00f3nica participar\u00e1 del Programa de intercambio (Fulbright TEA Program), donde los docentes conocer\u00e1n en detalle el funcionamiento del sistema educacional y la cultura estadounidense.<\/p>\n<p>Nuestra docente, permanecer\u00e1 ocho semanas en dicho pa\u00eds, cuya universidad anfitriona ser\u00e1 la Universidad de Nevada, Reno.<\/p>\n<h3>\u00bfC\u00f3mo fue tu proceso de postulaci\u00f3n?<\/h3>\n<p>Vi un anuncio en la web de la embajada de Estados Unidos invitando a los profesores de ingl\u00e9s y otras asignaturas a postular a este programa de becas y por supuesto quise postular. El proceso consisti\u00f3 principalmente en escribir una serie de ensayos, te preguntan muchos datos personales y solicitan mucha documentaci\u00f3n.<\/p>\n<p>Hubo una primera selecci\u00f3n, para Chile hab\u00eda s\u00f3lo dos cupos. Fui una de las primeras seleccionadas para pasar al segundo paso, que consisti\u00f3 en una video conferencia con dos personas de la embajada. Entrevista completamente en ingl\u00e9s. A los d\u00edas me llaman para decirme que estaba dentro de los cuatro finalistas.<\/p>\n<p>El siguiente paso fue viajar a Santiago rendir un examen de certificaci\u00f3n internacional de tu nivel de ingl\u00e9s, el TOELF, y una entrevista personal.<\/p>\n<p>Finalmente, luego de este largo proceso durante el 2018, el 5 de septiembre recib\u00ed un correo diciendo que soy una de las 2 ganadoras de este programa de becas.<\/p>\n<p>Estaba en clases con mi curso, me emocion\u00e9, grit\u00e9 de alegr\u00eda y tuve que contarle a los ni\u00f1os\/as. Con ellos tenemos una conexi\u00f3n especial porque ellos fueron mi sujeto de estudio en mi tesis de magister. Me felicitaron y compartieron su alegr\u00eda conmigo.<\/p>\n<p>Ver\u00f3nica asegura que siempre tuvo la confianza de ser una de las ganadoras de este programa; \u00absiempre sent\u00ed que reun\u00eda todas las condiciones, por lo menos para ser una excelente candidata al programa y con un magister me sent\u00eda a\u00fan m\u00e1s preparada para responder a las exigencias\u00bb, se\u00f1ala.<\/p>\n<h3>\u00bfEn qu\u00e9 consiste esta beca?<\/h3>\n<p>La beca cubre el 100% de los gastos, y consiste en participar de seminarios en la universidad anfitriona sobre metodolog\u00edas, estrategias para utilizar en el aula, clima de aula, la cultura, desarrollo de habilidades y sobre todo lo que est\u00e1 en boga; la tecnolog\u00eda en clases.<\/p>\n<p>En cada pa\u00eds existen dos vacantes, por cual existen dos cortes durante el a\u00f1o. Uno de los ganadores de la beca se va cuando finaliza el a\u00f1o acad\u00e9mico en Estados Unidos, eso es entre enero y marzo, y el otro en septiembre cuando comienza el a\u00f1o acad\u00e9mico en el pa\u00eds.<\/p>\n<p>En cada corte van m\u00e1s de 100 profesores de distintas partes del mundo.<\/p>\n<h3>\u00bfCu\u00e1l ser\u00e1 el desarrollo del programa?<\/h3>\n<p>Debo participar de seminarios en la universidad, visitar colegios donde habr\u00e1 un profesor que ser\u00e1 tu tutor, el que te acompa\u00f1ar\u00e1 durante todo el tiempo y te invitar\u00e1 a conocer el colegio. Uno ir\u00e1 a observar clases, luego trabajar\u00e9 con un curso en particular.<\/p>\n<p>Tambi\u00e9n es una buena oportunidad para que nuestros estudiantes intercambien informaci\u00f3n con los de all\u00e1. Yo estuve trabajando con el 2MB y ellos escribieron cartas a sus \u201ccompa\u00f1eros\u201d.<\/p>\n<p>Durante el desarrollo del programa debemos trabajar en algunos \u00e9nfasis que nosotros queremos. Entre ellos; buscar mejoras para nuestro establecimiento en algo que yo como profesora quisiera mejorar en mi clase y curso o algo que quiera mejorar en el \u00e1mbito profesional. De igual forma, algo que beneficie a la comunidad o al entorno. Yo me propuse un objetivo; c\u00f3mo la ense\u00f1anza del ingl\u00e9s puede ser una tremenda contribuci\u00f3n a comunidad San Ignacio en general.<\/p>\n<p>Esos objetivos se trabajaran all\u00e1 de manera que se genere un plan de acci\u00f3n que contempla salidas a terreno y compartir con una familia anfitriona.<\/p>\n","protected":false},"excerpt":{"rendered":"<p>Nuestra docente de ingl\u00e9s, la Srta. Ver\u00f3nica Orme\u00f1o parti\u00f3 a Estados Unidos el pasado 2 de septiembre, tras ser una de los dos ganadores a nivel nacional, de un programa de becas otorgado por el Departamento de Estado junto a la entidad IREX. Ver\u00f3nica participar\u00e1 del Programa de intercambio (Fulbright TEA Program), donde los docentes&hellip;<\/p>\n","protected":false},"author":1,"featured_media":58,"comment_status":"closed","ping_status":"closed","sticky":false,"template":"","format":"standard","meta":[],"categories":[4],"tags":[],"_links":{"self":[{"href":"http:\/\/sanignacioconcepcion.cl\/sitio\/wp-json\/wp\/v2\/posts\/54"}],"collection":[{"href":"http:\/\/sanignacioconcepcion.cl\/sitio\/wp-json\/wp\/v2\/posts"}],"about":[{"href":"http:\/\/sanignacioconcepcion.cl\/sitio\/wp-json\/wp\/v2\/types\/post"}],"author":[{"embeddable":true,"href":"http:\/\/sanignacioconcepcion.cl\/sitio\/wp-json\/wp\/v2\/users\/1"}],"replies":[{"embeddable":true,"href":"http:\/\/sanignacioconcepcion.cl\/sitio\/wp-json\/wp\/v2\/comments?post=54"}],"version-history":[{"count":3,"href":"http:\/\/sanignacioconcepcion.cl\/sitio\/wp-json\/wp\/v2\/posts\/54\/revisions"}],"predecessor-version":[{"id":57,"href":"http:\/\/sanignacioconcepcion.cl\/sitio\/wp-json\/wp\/v2\/posts\/54\/revisions\/57"}],"wp:featuredmedia":[{"embeddable":true,"href":"http:\/\/sanignacioconcepcion.cl\/sitio\/wp-json\/wp\/v2\/media\/58"}],"wp:attachment":[{"href":"http:\/\/sanignacioconcepcion.cl\/sitio\/wp-json\/wp\/v2\/media?parent=54"}],"wp:term":[{"taxonomy":"category","embeddable":true,"href":"http:\/\/sanignacioconcepcion.cl\/sitio\/wp-json\/wp\/v2\/categories?post=54"},{"taxonomy":"post_tag","embeddable":true,"href":"http:\/\/sanignacioconcepcion.cl\/sitio\/wp-json\/wp\/v2\/tags?post=54"}],"curies":[{"name":"wp","href":"https:\/\/api.w.org\/{rel}","templated":true}]}}