{"id":7097,"date":"2023-09-29T14:35:04","date_gmt":"2023-09-29T14:35:04","guid":{"rendered":"http:\/\/sanignacioconcepcion.cl\/sitio\/?p=7097"},"modified":"2023-09-29T14:35:04","modified_gmt":"2023-09-29T14:35:04","slug":"informacion-quinto-ensayo-paes-3ros-y-4tos-medios","status":"publish","type":"post","link":"http:\/\/sanignacioconcepcion.cl\/sitio\/informacion-quinto-ensayo-paes-3ros-y-4tos-medios\/","title":{"rendered":"Informaci\u00f3n quinto ensayo PAES &#8211; 3ros y 4tos medios"},"content":{"rendered":"<p>Estimados apoderados y estudiantes:<\/p>\n<p>Esperamos que se encuentren muy bien. Nos complace anunciar que se llevar\u00e1 a cabo el quinto ensayo de la prueba de admisi\u00f3n a la educaci\u00f3n superior (PAES), los d\u00edas mi\u00e9rcoles 04 y jueves 05 de octubre, el cual est\u00e1 destinado para estudiantes de tercero y cuarto medio de nuestro establecimiento.<\/p>\n<p>A continuaci\u00f3n detallamos la distribuci\u00f3n de las evaluaciones:<span class=\"Apple-converted-space\">&nbsp;<\/span><\/p>\n<p>Mi\u00e9rcoles 04 de Octubre<span class=\"Apple-converted-space\">&nbsp;<\/span><\/p>\n<p><img loading=\"lazy\" class=\"aligncenter size-full wp-image-7099\" src=\"http:\/\/sanignacioconcepcion.cl\/sitio\/wp-content\/uploads\/2023\/09\/Captura-de-Pantalla-2023-09-29-a-las-10.55.17.png\" alt=\"\" width=\"1330\" height=\"207\" srcset=\"http:\/\/sanignacioconcepcion.cl\/sitio\/wp-content\/uploads\/2023\/09\/Captura-de-Pantalla-2023-09-29-a-las-10.55.17.png 1330w, http:\/\/sanignacioconcepcion.cl\/sitio\/wp-content\/uploads\/2023\/09\/Captura-de-Pantalla-2023-09-29-a-las-10.55.17-1024x159.png 1024w, http:\/\/sanignacioconcepcion.cl\/sitio\/wp-content\/uploads\/2023\/09\/Captura-de-Pantalla-2023-09-29-a-las-10.55.17-768x120.png 768w, http:\/\/sanignacioconcepcion.cl\/sitio\/wp-content\/uploads\/2023\/09\/Captura-de-Pantalla-2023-09-29-a-las-10.55.17-600x93.png 600w\" sizes=\"(max-width: 1330px) 100vw, 1330px\" \/><\/p>\n<p>Jueves 05 de Octubre<\/p>\n<p><img loading=\"lazy\" class=\"aligncenter size-full wp-image-7098\" src=\"http:\/\/sanignacioconcepcion.cl\/sitio\/wp-content\/uploads\/2023\/09\/Captura-de-Pantalla-2023-09-29-a-las-10.56.06.png\" alt=\"\" width=\"1001\" height=\"154\" srcset=\"http:\/\/sanignacioconcepcion.cl\/sitio\/wp-content\/uploads\/2023\/09\/Captura-de-Pantalla-2023-09-29-a-las-10.56.06.png 1001w, http:\/\/sanignacioconcepcion.cl\/sitio\/wp-content\/uploads\/2023\/09\/Captura-de-Pantalla-2023-09-29-a-las-10.56.06-768x118.png 768w, http:\/\/sanignacioconcepcion.cl\/sitio\/wp-content\/uploads\/2023\/09\/Captura-de-Pantalla-2023-09-29-a-las-10.56.06-600x92.png 600w\" sizes=\"(max-width: 1001px) 100vw, 1001px\" \/><\/p>\n<p>Al igual que en los ensayos anteriores y con el prop\u00f3sito de llevar a cabo esta actividad de manera \u00f3ptima, es necesario tener en cuenta lo siguiente:<span class=\"Apple-converted-space\">&nbsp;<\/span><\/p>\n<ul>\n<li>Es imperativo que los estudiantes asistan al establecimiento los d\u00edas mencionados. En caso de ausencia, los apoderados deber\u00e1n justificar en la recepci\u00f3n del colegio.<\/li>\n<li>Se solicita a los estudiantes que realicen las evaluaciones de manera natural, aprovechando al m\u00e1ximo sus conocimientos y habilidades.<\/li>\n<li>Es recomendable que los estudiantes hayan descansado adecuadamente la noche anterior, que se encuentren tranquilos y que se aseguren de tomar un buen desayuno. Adem\u00e1s, deben estar dispuestos a dar lo mejor de s\u00ed mismo.<\/li>\n<li>Durante la realizaci\u00f3n de las pruebas est\u00e1 prohibido llevar o utilizar dispositivos electr\u00f3nicos como celulares u otros.<\/li>\n<li>Los estudiantes deben presentarse con el uniforme institucional y deben llevar un l\u00e1piz grafito n\u00famero dos, una goma de borrar y su carnet identidad al momento de ingresar al aula.<\/li>\n<\/ul>\n<p>Es esencial que est\u00e9n informados de estas fechas para que nuestros estudiantes puedan prepararse adecuadamente y enfrentar el desaf\u00edo acad\u00e9mico con confianza.<span class=\"Apple-converted-space\">&nbsp;<\/span><\/p>\n<p>Agradecemos su colaboraci\u00f3n y apoyo en este proceso. Si tiene alguna pregunta o necesita m\u00e1s informaci\u00f3n, no dude en contactarse con nosotros.<span class=\"Apple-converted-space\">&nbsp;<\/span><\/p>\n<p>Reciban un afectuoso saludo,<span class=\"Apple-converted-space\">&nbsp;<\/span><\/p>\n<p>H\u00e9ctor Nova Mardones<span class=\"Apple-converted-space\">&nbsp;<\/span><\/p>\n<p>Director Acad\u00e9mico.<span class=\"Apple-converted-space\">&nbsp;<\/span><\/p>\n","protected":false},"excerpt":{"rendered":"<p>Estimados apoderados y estudiantes: Esperamos que se encuentren muy bien. Nos complace anunciar que se llevar\u00e1 a cabo el quinto ensayo de la prueba de admisi\u00f3n a la educaci\u00f3n superior (PAES), los d\u00edas mi\u00e9rcoles 04 y jueves 05 de octubre, el cual est\u00e1 destinado para estudiantes de tercero y cuarto medio de nuestro establecimiento. A&hellip;<\/p>\n","protected":false},"author":1,"featured_media":0,"comment_status":"closed","ping_status":"closed","sticky":false,"template":"","format":"standard","meta":[],"categories":[3],"tags":[],"_links":{"self":[{"href":"http:\/\/sanignacioconcepcion.cl\/sitio\/wp-json\/wp\/v2\/posts\/7097"}],"collection":[{"href":"http:\/\/sanignacioconcepcion.cl\/sitio\/wp-json\/wp\/v2\/posts"}],"about":[{"href":"http:\/\/sanignacioconcepcion.cl\/sitio\/wp-json\/wp\/v2\/types\/post"}],"author":[{"embeddable":true,"href":"http:\/\/sanignacioconcepcion.cl\/sitio\/wp-json\/wp\/v2\/users\/1"}],"replies":[{"embeddable":true,"href":"http:\/\/sanignacioconcepcion.cl\/sitio\/wp-json\/wp\/v2\/comments?post=7097"}],"version-history":[{"count":1,"href":"http:\/\/sanignacioconcepcion.cl\/sitio\/wp-json\/wp\/v2\/posts\/7097\/revisions"}],"predecessor-version":[{"id":7100,"href":"http:\/\/sanignacioconcepcion.cl\/sitio\/wp-json\/wp\/v2\/posts\/7097\/revisions\/7100"}],"wp:attachment":[{"href":"http:\/\/sanignacioconcepcion.cl\/sitio\/wp-json\/wp\/v2\/media?parent=7097"}],"wp:term":[{"taxonomy":"category","embeddable":true,"href":"http:\/\/sanignacioconcepcion.cl\/sitio\/wp-json\/wp\/v2\/categories?post=7097"},{"taxonomy":"post_tag","embeddable":true,"href":"http:\/\/sanignacioconcepcion.cl\/sitio\/wp-json\/wp\/v2\/tags?post=7097"}],"curies":[{"name":"wp","href":"https:\/\/api.w.org\/{rel}","templated":true}]}}