{"id":7149,"date":"2023-10-12T10:36:54","date_gmt":"2023-10-12T10:36:54","guid":{"rendered":"http:\/\/sanignacioconcepcion.cl\/sitio\/?p=7149"},"modified":"2023-10-17T10:37:15","modified_gmt":"2023-10-17T10:37:15","slug":"informacion-proceso-de-eleccion-directiva-cpma-sic-2024","status":"publish","type":"post","link":"http:\/\/sanignacioconcepcion.cl\/sitio\/informacion-proceso-de-eleccion-directiva-cpma-sic-2024\/","title":{"rendered":"Informaci\u00f3n Proceso de elecci\u00f3n Directiva CPMA SIC 2024"},"content":{"rendered":"<p>Estimados Apoderados\/as:<\/p>\n<p>En el marco del proceso de elecci\u00f3n de Directiva del Centro General de Padres, Madres y Apoderados del Colegio San Ignacio 2024, informamos a ustedes que se ha formalizado la inscripci\u00f3n de una lista \u00fanica de candidatas\/os para participar del proceso eleccionario.<\/p>\n<p>Siguiendo con los procedimientos establecidos por el TRICEL, la lista candidata presentar\u00e1 a sus integrantes y su programa de trabajo en una reuni\u00f3n telem\u00e1tica que se realizar\u00e1 el d\u00eda 17 de octubre a las 19:30 horas v\u00eda zoom. El link de la reuni\u00f3n es el siguiente: <a href=\"https:\/\/unab-cl.zoom.us\/j\/84651912504\">https:\/\/unab-cl.zoom.us\/j\/84651912504<\/a><\/p>\n<p>Posteriormente, el d\u00eda 20 de octubre a las 19.00 h se realizar\u00e1 una asamblea extraordinaria donde se someter\u00e1 a resoluci\u00f3n la ratificaci\u00f3n de la lista \u00fanica para conformar la Directiva del CPA para el a\u00f1o 2024.<\/p>\n<p>Les invitamos a participar en estas actividades, en beneficio de todas nuestras familias.<\/p>\n<p>Reciban un cordial y atento saludo,<\/p>\n<p>Comisi\u00f3n Electoral CPA 2024<\/p>\n","protected":false},"excerpt":{"rendered":"<p>Estimados Apoderados\/as: En el marco del proceso de elecci\u00f3n de Directiva del Centro General de Padres, Madres y Apoderados del Colegio San Ignacio 2024, informamos a ustedes que se ha formalizado la inscripci\u00f3n de una lista \u00fanica de candidatas\/os para participar del proceso eleccionario. Siguiendo con los procedimientos establecidos por el TRICEL, la lista candidata&hellip;<\/p>\n","protected":false},"author":1,"featured_media":0,"comment_status":"closed","ping_status":"closed","sticky":false,"template":"","format":"standard","meta":[],"categories":[3],"tags":[],"_links":{"self":[{"href":"http:\/\/sanignacioconcepcion.cl\/sitio\/wp-json\/wp\/v2\/posts\/7149"}],"collection":[{"href":"http:\/\/sanignacioconcepcion.cl\/sitio\/wp-json\/wp\/v2\/posts"}],"about":[{"href":"http:\/\/sanignacioconcepcion.cl\/sitio\/wp-json\/wp\/v2\/types\/post"}],"author":[{"embeddable":true,"href":"http:\/\/sanignacioconcepcion.cl\/sitio\/wp-json\/wp\/v2\/users\/1"}],"replies":[{"embeddable":true,"href":"http:\/\/sanignacioconcepcion.cl\/sitio\/wp-json\/wp\/v2\/comments?post=7149"}],"version-history":[{"count":1,"href":"http:\/\/sanignacioconcepcion.cl\/sitio\/wp-json\/wp\/v2\/posts\/7149\/revisions"}],"predecessor-version":[{"id":7150,"href":"http:\/\/sanignacioconcepcion.cl\/sitio\/wp-json\/wp\/v2\/posts\/7149\/revisions\/7150"}],"wp:attachment":[{"href":"http:\/\/sanignacioconcepcion.cl\/sitio\/wp-json\/wp\/v2\/media?parent=7149"}],"wp:term":[{"taxonomy":"category","embeddable":true,"href":"http:\/\/sanignacioconcepcion.cl\/sitio\/wp-json\/wp\/v2\/categories?post=7149"},{"taxonomy":"post_tag","embeddable":true,"href":"http:\/\/sanignacioconcepcion.cl\/sitio\/wp-json\/wp\/v2\/tags?post=7149"}],"curies":[{"name":"wp","href":"https:\/\/api.w.org\/{rel}","templated":true}]}}