{"id":7207,"date":"2023-10-30T19:15:46","date_gmt":"2023-10-30T19:15:46","guid":{"rendered":"http:\/\/sanignacioconcepcion.cl\/sitio\/?p=7207"},"modified":"2023-10-31T19:16:35","modified_gmt":"2023-10-31T19:16:35","slug":"informacion-sobre-circular-colegiaturas-2024","status":"publish","type":"post","link":"http:\/\/sanignacioconcepcion.cl\/sitio\/informacion-sobre-circular-colegiaturas-2024\/","title":{"rendered":"Informaci\u00f3n sobre circular Colegiaturas 2024"},"content":{"rendered":"<p>Estimadas Familias:<\/p>\n<p>Junto con saludar, informo a ustedes que, durante el lunes 30 de octubre, se distribuir\u00e1 de manera impresa y por correo electr\u00f3nico, una circular informativa personalizada para padres\/madres y apoderados, respecto a temas administrativos y econ\u00f3micos sobre los valores de escolaridad y cuota anual del Centro General de Padres.&nbsp; Respecto a este \u00faltimo punto, aclarar que el valor es de $20.000 por familia, de car\u00e1cter voluntario.&nbsp;<\/p>\n<p>Saluda atentamente a ustedes,<\/p>\n<p>Claudia Messina A.<br \/>\nDirectora<\/p>\n","protected":false},"excerpt":{"rendered":"<p>Estimadas Familias: Junto con saludar, informo a ustedes que, durante el lunes 30 de octubre, se distribuir\u00e1 de manera impresa y por correo electr\u00f3nico, una circular informativa personalizada para padres\/madres y apoderados, respecto a temas administrativos y econ\u00f3micos sobre los valores de escolaridad y cuota anual del Centro General de Padres.&nbsp; Respecto a este \u00faltimo&hellip;<\/p>\n","protected":false},"author":1,"featured_media":0,"comment_status":"closed","ping_status":"closed","sticky":false,"template":"","format":"standard","meta":[],"categories":[3],"tags":[],"_links":{"self":[{"href":"http:\/\/sanignacioconcepcion.cl\/sitio\/wp-json\/wp\/v2\/posts\/7207"}],"collection":[{"href":"http:\/\/sanignacioconcepcion.cl\/sitio\/wp-json\/wp\/v2\/posts"}],"about":[{"href":"http:\/\/sanignacioconcepcion.cl\/sitio\/wp-json\/wp\/v2\/types\/post"}],"author":[{"embeddable":true,"href":"http:\/\/sanignacioconcepcion.cl\/sitio\/wp-json\/wp\/v2\/users\/1"}],"replies":[{"embeddable":true,"href":"http:\/\/sanignacioconcepcion.cl\/sitio\/wp-json\/wp\/v2\/comments?post=7207"}],"version-history":[{"count":1,"href":"http:\/\/sanignacioconcepcion.cl\/sitio\/wp-json\/wp\/v2\/posts\/7207\/revisions"}],"predecessor-version":[{"id":7208,"href":"http:\/\/sanignacioconcepcion.cl\/sitio\/wp-json\/wp\/v2\/posts\/7207\/revisions\/7208"}],"wp:attachment":[{"href":"http:\/\/sanignacioconcepcion.cl\/sitio\/wp-json\/wp\/v2\/media?parent=7207"}],"wp:term":[{"taxonomy":"category","embeddable":true,"href":"http:\/\/sanignacioconcepcion.cl\/sitio\/wp-json\/wp\/v2\/categories?post=7207"},{"taxonomy":"post_tag","embeddable":true,"href":"http:\/\/sanignacioconcepcion.cl\/sitio\/wp-json\/wp\/v2\/tags?post=7207"}],"curies":[{"name":"wp","href":"https:\/\/api.w.org\/{rel}","templated":true}]}}