{"id":7209,"date":"2023-10-30T19:23:19","date_gmt":"2023-10-30T19:23:19","guid":{"rendered":"http:\/\/sanignacioconcepcion.cl\/sitio\/?p=7209"},"modified":"2023-10-31T19:24:24","modified_gmt":"2023-10-31T19:24:24","slug":"resultados-elecciones-cpma-2024","status":"publish","type":"post","link":"http:\/\/sanignacioconcepcion.cl\/sitio\/resultados-elecciones-cpma-2024\/","title":{"rendered":"Resultados Elecciones CPMA 2024"},"content":{"rendered":"<p>Estimados\/a apoderados\/as<\/p>\n<p>Nos es muy grato informar que el d\u00eda 20 de octubre, en Asamblea Extraordinaria del Centro de Padres, Madres y Apoderados del Colegio San Ignacio, se ratific\u00f3 por unanimidad la elecci\u00f3n de la lista que conformar\u00e1 la directiva de la asociaci\u00f3n para el a\u00f1o 2024.&nbsp;<\/p>\n<p>La directiva electa est\u00e1 integrada por:&nbsp;<\/p>\n<ul>\n<li>Erika Pino &#8211; Apoderada de 2MB y 7C (Presidenta)<\/li>\n<li>Fernando Reyes &#8211; Apoderado de 4MC y 7C (Vicepresidente)<\/li>\n<li>Sara Oses &#8211; Apoderada de 3BC (Tesorera)<\/li>\n<li>Christian Marambio &#8211; Apoderado de 1MB, 5C&nbsp; y 7C (Secretario)<\/li>\n<li>Pamela Villarroel &#8211; Apoderada de 8B (Directora)<\/li>\n<li>Cristian \u00c1guila &#8211; Apoderado de 4MA, 7B y 3BB (Director)<\/li>\n<li>Valeria Rojas &#8211; Apoderada de 7B (Directora)<\/li>\n<\/ul>\n<p><img loading=\"lazy\" class=\"aligncenter size-full wp-image-7210\" src=\"http:\/\/sanignacioconcepcion.cl\/sitio\/wp-content\/uploads\/2023\/10\/CPMA-2024.jpeg\" alt=\"\" width=\"1055\" height=\"738\" srcset=\"http:\/\/sanignacioconcepcion.cl\/sitio\/wp-content\/uploads\/2023\/10\/CPMA-2024.jpeg 1055w, http:\/\/sanignacioconcepcion.cl\/sitio\/wp-content\/uploads\/2023\/10\/CPMA-2024-1024x716.jpeg 1024w, http:\/\/sanignacioconcepcion.cl\/sitio\/wp-content\/uploads\/2023\/10\/CPMA-2024-768x537.jpeg 768w, http:\/\/sanignacioconcepcion.cl\/sitio\/wp-content\/uploads\/2023\/10\/CPMA-2024-600x420.jpeg 600w\" sizes=\"(max-width: 1055px) 100vw, 1055px\" \/><\/p>\n<p>Deseamos el mayor de los \u00e9xitos a la nueva directiva del CPMA en su labor.&nbsp;<\/p>\n<p>Reciban un cordial y afectuoso saludo,&nbsp;<\/p>\n<p>Comisi\u00f3n Electoral CPMA 2024<\/p>\n","protected":false},"excerpt":{"rendered":"<p>Estimados\/a apoderados\/as Nos es muy grato informar que el d\u00eda 20 de octubre, en Asamblea Extraordinaria del Centro de Padres, Madres y Apoderados del Colegio San Ignacio, se ratific\u00f3 por unanimidad la elecci\u00f3n de la lista que conformar\u00e1 la directiva de la asociaci\u00f3n para el a\u00f1o 2024.&nbsp; La directiva electa est\u00e1 integrada por:&nbsp; Erika Pino&hellip;<\/p>\n","protected":false},"author":1,"featured_media":0,"comment_status":"closed","ping_status":"closed","sticky":false,"template":"","format":"standard","meta":[],"categories":[3],"tags":[],"_links":{"self":[{"href":"http:\/\/sanignacioconcepcion.cl\/sitio\/wp-json\/wp\/v2\/posts\/7209"}],"collection":[{"href":"http:\/\/sanignacioconcepcion.cl\/sitio\/wp-json\/wp\/v2\/posts"}],"about":[{"href":"http:\/\/sanignacioconcepcion.cl\/sitio\/wp-json\/wp\/v2\/types\/post"}],"author":[{"embeddable":true,"href":"http:\/\/sanignacioconcepcion.cl\/sitio\/wp-json\/wp\/v2\/users\/1"}],"replies":[{"embeddable":true,"href":"http:\/\/sanignacioconcepcion.cl\/sitio\/wp-json\/wp\/v2\/comments?post=7209"}],"version-history":[{"count":1,"href":"http:\/\/sanignacioconcepcion.cl\/sitio\/wp-json\/wp\/v2\/posts\/7209\/revisions"}],"predecessor-version":[{"id":7211,"href":"http:\/\/sanignacioconcepcion.cl\/sitio\/wp-json\/wp\/v2\/posts\/7209\/revisions\/7211"}],"wp:attachment":[{"href":"http:\/\/sanignacioconcepcion.cl\/sitio\/wp-json\/wp\/v2\/media?parent=7209"}],"wp:term":[{"taxonomy":"category","embeddable":true,"href":"http:\/\/sanignacioconcepcion.cl\/sitio\/wp-json\/wp\/v2\/categories?post=7209"},{"taxonomy":"post_tag","embeddable":true,"href":"http:\/\/sanignacioconcepcion.cl\/sitio\/wp-json\/wp\/v2\/tags?post=7209"}],"curies":[{"name":"wp","href":"https:\/\/api.w.org\/{rel}","templated":true}]}}