{"id":7307,"date":"2023-11-15T14:26:33","date_gmt":"2023-11-15T14:26:33","guid":{"rendered":"http:\/\/sanignacioconcepcion.cl\/sitio\/?p=7307"},"modified":"2023-11-21T14:26:52","modified_gmt":"2023-11-21T14:26:52","slug":"celebracion-dia-del-apoderado-a-22-de-noviembre","status":"publish","type":"post","link":"http:\/\/sanignacioconcepcion.cl\/sitio\/celebracion-dia-del-apoderado-a-22-de-noviembre\/","title":{"rendered":"Celebraci\u00f3n D\u00eda del Apoderado\/a &#8211; 22 de noviembre"},"content":{"rendered":"<p>Estimadas Familias:<\/p>\n<p>Les recordamos la invitaci\u00f3n para motivarse y participar de la gran celebraci\u00f3n del D\u00eda del Apoderado\/a, que organiza el CPMA de nuestro colegio.<\/p>\n<p>La invitaci\u00f3n es para el mi\u00e9rcoles 22 de noviembre, desde las 19:00 horas.<\/p>\n<p>\u00a1Los\/las esperamos!<\/p>\n<p><img loading=\"lazy\" class=\"aligncenter size-full wp-image-7308\" src=\"http:\/\/sanignacioconcepcion.cl\/sitio\/wp-content\/uploads\/2023\/11\/INVITACION-CPMA.jpeg\" alt=\"\" width=\"1600\" height=\"1142\" srcset=\"http:\/\/sanignacioconcepcion.cl\/sitio\/wp-content\/uploads\/2023\/11\/INVITACION-CPMA.jpeg 1600w, http:\/\/sanignacioconcepcion.cl\/sitio\/wp-content\/uploads\/2023\/11\/INVITACION-CPMA-1024x731.jpeg 1024w, http:\/\/sanignacioconcepcion.cl\/sitio\/wp-content\/uploads\/2023\/11\/INVITACION-CPMA-768x548.jpeg 768w, http:\/\/sanignacioconcepcion.cl\/sitio\/wp-content\/uploads\/2023\/11\/INVITACION-CPMA-1536x1096.jpeg 1536w, http:\/\/sanignacioconcepcion.cl\/sitio\/wp-content\/uploads\/2023\/11\/INVITACION-CPMA-600x428.jpeg 600w\" sizes=\"(max-width: 1600px) 100vw, 1600px\" \/><\/p>\n","protected":false},"excerpt":{"rendered":"<p>Estimadas Familias: Les recordamos la invitaci\u00f3n para motivarse y participar de la gran celebraci\u00f3n del D\u00eda del Apoderado\/a, que organiza el CPMA de nuestro colegio. La invitaci\u00f3n es para el mi\u00e9rcoles 22 de noviembre, desde las 19:00 horas. \u00a1Los\/las esperamos!<\/p>\n","protected":false},"author":1,"featured_media":0,"comment_status":"closed","ping_status":"closed","sticky":false,"template":"","format":"standard","meta":[],"categories":[3],"tags":[],"_links":{"self":[{"href":"http:\/\/sanignacioconcepcion.cl\/sitio\/wp-json\/wp\/v2\/posts\/7307"}],"collection":[{"href":"http:\/\/sanignacioconcepcion.cl\/sitio\/wp-json\/wp\/v2\/posts"}],"about":[{"href":"http:\/\/sanignacioconcepcion.cl\/sitio\/wp-json\/wp\/v2\/types\/post"}],"author":[{"embeddable":true,"href":"http:\/\/sanignacioconcepcion.cl\/sitio\/wp-json\/wp\/v2\/users\/1"}],"replies":[{"embeddable":true,"href":"http:\/\/sanignacioconcepcion.cl\/sitio\/wp-json\/wp\/v2\/comments?post=7307"}],"version-history":[{"count":1,"href":"http:\/\/sanignacioconcepcion.cl\/sitio\/wp-json\/wp\/v2\/posts\/7307\/revisions"}],"predecessor-version":[{"id":7309,"href":"http:\/\/sanignacioconcepcion.cl\/sitio\/wp-json\/wp\/v2\/posts\/7307\/revisions\/7309"}],"wp:attachment":[{"href":"http:\/\/sanignacioconcepcion.cl\/sitio\/wp-json\/wp\/v2\/media?parent=7307"}],"wp:term":[{"taxonomy":"category","embeddable":true,"href":"http:\/\/sanignacioconcepcion.cl\/sitio\/wp-json\/wp\/v2\/categories?post=7307"},{"taxonomy":"post_tag","embeddable":true,"href":"http:\/\/sanignacioconcepcion.cl\/sitio\/wp-json\/wp\/v2\/tags?post=7307"}],"curies":[{"name":"wp","href":"https:\/\/api.w.org\/{rel}","templated":true}]}}