{"id":7312,"date":"2023-11-21T16:40:41","date_gmt":"2023-11-21T16:40:41","guid":{"rendered":"http:\/\/sanignacioconcepcion.cl\/sitio\/?p=7312"},"modified":"2023-11-21T16:40:41","modified_gmt":"2023-11-21T16:40:41","slug":"toma-de-fotografia-tne-4o-y-8o-basico-23-de-noviembre","status":"publish","type":"post","link":"http:\/\/sanignacioconcepcion.cl\/sitio\/toma-de-fotografia-tne-4o-y-8o-basico-23-de-noviembre\/","title":{"rendered":"Toma de fotograf\u00eda TNE &#8211; 4\u00ba y 8\u00ba b\u00e1sico \/ 23 de Noviembre"},"content":{"rendered":"<div>Estimadas Familias:<\/div>\n<div>Les informamos que el <strong>jueves 23 de noviembre<\/strong>, se realizar\u00e1 el proceso de Toma de Fotograf\u00eda para la Tarjeta Nacional Estudiantil (TNE) 2024.&nbsp;<\/div>\n<div>&nbsp;<\/div>\n<div>Este procedimiento, se enmarca dentro del proceso integral de emisi\u00f3n de nuevas Tarjetas Nacionales del Estudiante (TNE). <strong>La fotograf\u00eda se realizar\u00e1 a los\/las estudiantes de 4\u00b0 y 8\u00b0 b\u00e1sico&nbsp;que utilizan el transporte p\u00fablico para asistir a sus colegios. <\/strong><\/div>\n<div>Estos estudiantes recibir\u00e1n sus nuevas TNE el a\u00f1o 2024.<\/div>\n<div>&nbsp;<\/div>\n<div>El&nbsp; horario de este proceso ser\u00e1 entre las 10:00 y las 15:30 o&nbsp; hasta&nbsp; terminar con los niveles se\u00f1alados.<\/div>\n<div>&nbsp;<\/div>\n<div>&nbsp;<\/div>\n<div>Atentamente,<\/div>\n<div>&nbsp;<\/div>\n<div>Gloria Campos G.<\/div>\n<div>Asistente Social<\/div>\n","protected":false},"excerpt":{"rendered":"<p>Estimadas Familias: Les informamos que el jueves 23 de noviembre, se realizar\u00e1 el proceso de Toma de Fotograf\u00eda para la Tarjeta Nacional Estudiantil (TNE) 2024.&nbsp; &nbsp; Este procedimiento, se enmarca dentro del proceso integral de emisi\u00f3n de nuevas Tarjetas Nacionales del Estudiante (TNE). La fotograf\u00eda se realizar\u00e1 a los\/las estudiantes de 4\u00b0 y 8\u00b0 b\u00e1sico&nbsp;que&hellip;<\/p>\n","protected":false},"author":1,"featured_media":0,"comment_status":"closed","ping_status":"closed","sticky":false,"template":"","format":"standard","meta":[],"categories":[3],"tags":[],"_links":{"self":[{"href":"http:\/\/sanignacioconcepcion.cl\/sitio\/wp-json\/wp\/v2\/posts\/7312"}],"collection":[{"href":"http:\/\/sanignacioconcepcion.cl\/sitio\/wp-json\/wp\/v2\/posts"}],"about":[{"href":"http:\/\/sanignacioconcepcion.cl\/sitio\/wp-json\/wp\/v2\/types\/post"}],"author":[{"embeddable":true,"href":"http:\/\/sanignacioconcepcion.cl\/sitio\/wp-json\/wp\/v2\/users\/1"}],"replies":[{"embeddable":true,"href":"http:\/\/sanignacioconcepcion.cl\/sitio\/wp-json\/wp\/v2\/comments?post=7312"}],"version-history":[{"count":1,"href":"http:\/\/sanignacioconcepcion.cl\/sitio\/wp-json\/wp\/v2\/posts\/7312\/revisions"}],"predecessor-version":[{"id":7313,"href":"http:\/\/sanignacioconcepcion.cl\/sitio\/wp-json\/wp\/v2\/posts\/7312\/revisions\/7313"}],"wp:attachment":[{"href":"http:\/\/sanignacioconcepcion.cl\/sitio\/wp-json\/wp\/v2\/media?parent=7312"}],"wp:term":[{"taxonomy":"category","embeddable":true,"href":"http:\/\/sanignacioconcepcion.cl\/sitio\/wp-json\/wp\/v2\/categories?post=7312"},{"taxonomy":"post_tag","embeddable":true,"href":"http:\/\/sanignacioconcepcion.cl\/sitio\/wp-json\/wp\/v2\/tags?post=7312"}],"curies":[{"name":"wp","href":"https:\/\/api.w.org\/{rel}","templated":true}]}}