{"id":7318,"date":"2023-11-27T11:28:34","date_gmt":"2023-11-27T11:28:34","guid":{"rendered":"http:\/\/sanignacioconcepcion.cl\/sitio\/?p=7318"},"modified":"2023-11-27T11:28:34","modified_gmt":"2023-11-27T11:28:34","slug":"informativo-finalizacion-de-ano","status":"publish","type":"post","link":"http:\/\/sanignacioconcepcion.cl\/sitio\/informativo-finalizacion-de-ano\/","title":{"rendered":"Informativo finalizaci\u00f3n de a\u00f1o"},"content":{"rendered":"<p style=\"font-weight: 400;\">Estimadas Familias:<\/p>\n<p style=\"font-weight: 400;\">Junto con saludar y esperando que se encuentren muy bien, informamos a ustedes actividades, fechas y horarios a considerar en este final de a\u00f1o:<\/p>\n<ul>\n<li><strong>Finalizaci\u00f3n ACLE: <\/strong>S\u00e1bado 25 de noviembre.<\/li>\n<li><strong>\u00daltima reuni\u00f3n de apoderados \u2013 PRESENCIAL: <\/strong><\/li>\n<\/ul>\n<p style=\"font-weight: 400;\"><strong>Martes 5 de diciembre: <\/strong>Ciclo Loyola (Pre k\u00ednder a 2\u00ba b\u00e1sico): 16:30 a 18:00 horas.<br \/>\n<strong>Mi\u00e9rcoles 6 de diciembre: <\/strong>Ciclos Manresa y Roma (3\u00ba b\u00e1sico a III\u00ba medio): 16:30 a 18:00 horas.<\/p>\n<ul>\n<li><strong>Ajuste jornada escolar estudiantes: <\/strong>A partir del lunes <strong>4 de diciembre<\/strong>, el horario de salida ser\u00e1 el siguiente:<\/li>\n<\/ul>\n<p style=\"font-weight: 400;\"><strong>Pre K\u00ednder y K\u00ednder:<\/strong> 12:30 horas.<\/p>\n<p style=\"font-weight: 400;\"><strong>1\u00b0 b\u00e1sico a III\u00b0 medio:<\/strong> 13:20 horas.<\/p>\n<ul>\n<li><strong>\u00daltimo d\u00eda de clases: <\/strong>Mi\u00e9rcoles 13 de diciembre.<\/li>\n<\/ul>\n<ul>\n<li><strong>Ceremonia de Premiaci\u00f3n: <\/strong>Mi\u00e9rcoles 13 de diciembre. Gimnasio B.<\/li>\n<\/ul>\n<p style=\"font-weight: 400;\"><strong>Ciclo Loyola: <\/strong>Ingreso de estudiantes y ceremonia: 11:30 horas, posteriormente se retiran.<\/p>\n<p style=\"font-weight: 400;\"><strong>Ciclo Manresa:<\/strong> Ceremonia inicia a las 10:05 horas (estudiantes ingresan a las 08:00 horas). Salida: 11:35 horas.<\/p>\n<p style=\"font-weight: 400;\"><strong>Ciclo Roma:<\/strong> Ceremonia inicia a las 08:15 horas (estudiantes ingresan a las 08:00 horas). Salida: 11:35 horas.<\/p>\n<ul>\n<li><strong>Periodo de matr\u00edculas:<\/strong> desde el 11 al 29 de diciembre. A trav\u00e9s de nuestro sitio web (<a href=\"http:\/\/www.colegiosic.cl\/\">colegiosic.cl<\/a>) y en una circular espec\u00edfica, <u>se informar\u00e1n todos los detalles correspondientes<\/u> para este proceso.<\/li>\n<\/ul>\n<p style=\"font-weight: 400;\">Atentamente,<\/p>\n<p style=\"font-weight: 400;\">Direcci\u00f3n SIC<\/p>\n","protected":false},"excerpt":{"rendered":"<p>Estimadas Familias: Junto con saludar y esperando que se encuentren muy bien, informamos a ustedes actividades, fechas y horarios a considerar en este final de a\u00f1o: Finalizaci\u00f3n ACLE: S\u00e1bado 25 de noviembre. \u00daltima reuni\u00f3n de apoderados \u2013 PRESENCIAL: Martes 5 de diciembre: Ciclo Loyola (Pre k\u00ednder a 2\u00ba b\u00e1sico): 16:30 a 18:00 horas. Mi\u00e9rcoles 6&hellip;<\/p>\n","protected":false},"author":1,"featured_media":0,"comment_status":"closed","ping_status":"closed","sticky":false,"template":"","format":"standard","meta":[],"categories":[3],"tags":[],"_links":{"self":[{"href":"http:\/\/sanignacioconcepcion.cl\/sitio\/wp-json\/wp\/v2\/posts\/7318"}],"collection":[{"href":"http:\/\/sanignacioconcepcion.cl\/sitio\/wp-json\/wp\/v2\/posts"}],"about":[{"href":"http:\/\/sanignacioconcepcion.cl\/sitio\/wp-json\/wp\/v2\/types\/post"}],"author":[{"embeddable":true,"href":"http:\/\/sanignacioconcepcion.cl\/sitio\/wp-json\/wp\/v2\/users\/1"}],"replies":[{"embeddable":true,"href":"http:\/\/sanignacioconcepcion.cl\/sitio\/wp-json\/wp\/v2\/comments?post=7318"}],"version-history":[{"count":1,"href":"http:\/\/sanignacioconcepcion.cl\/sitio\/wp-json\/wp\/v2\/posts\/7318\/revisions"}],"predecessor-version":[{"id":7319,"href":"http:\/\/sanignacioconcepcion.cl\/sitio\/wp-json\/wp\/v2\/posts\/7318\/revisions\/7319"}],"wp:attachment":[{"href":"http:\/\/sanignacioconcepcion.cl\/sitio\/wp-json\/wp\/v2\/media?parent=7318"}],"wp:term":[{"taxonomy":"category","embeddable":true,"href":"http:\/\/sanignacioconcepcion.cl\/sitio\/wp-json\/wp\/v2\/categories?post=7318"},{"taxonomy":"post_tag","embeddable":true,"href":"http:\/\/sanignacioconcepcion.cl\/sitio\/wp-json\/wp\/v2\/tags?post=7318"}],"curies":[{"name":"wp","href":"https:\/\/api.w.org\/{rel}","templated":true}]}}