{"id":7364,"date":"2023-11-29T19:03:44","date_gmt":"2023-11-29T19:03:44","guid":{"rendered":"http:\/\/sanignacioconcepcion.cl\/sitio\/?p=7364"},"modified":"2023-11-30T19:05:45","modified_gmt":"2023-11-30T19:05:45","slug":"ajuste-jornada-escolar-a-partir-del-4-de-diciembre","status":"publish","type":"post","link":"http:\/\/sanignacioconcepcion.cl\/sitio\/ajuste-jornada-escolar-a-partir-del-4-de-diciembre\/","title":{"rendered":"Ajuste jornada escolar a partir del 4 de diciembre"},"content":{"rendered":"<h3 class=\"cvGsUA direction-ltr align-justify para-style-body\"><span class=\"OYPEnA text-decoration-none text-strikethrough-none\">Les recordamos que a partir del <\/span><strong><span class=\"OYPEnA text-decoration-none text-strikethrough-none\">lunes 4 de diciembre<\/span><\/strong><span class=\"OYPEnA text-decoration-none text-strikethrough-none\">, habr\u00e1 un ajuste en el horario de salida de los\/las estudiantes:<\/span><\/h3>\n<ul>\n<li>\n<h3><span class=\"OYPEnA text-decoration-underline text-strikethrough-none\">Pre K\u00ednder y K\u00ednder:<\/span><span class=\"OYPEnA text-strikethrough-none text-decoration-none\"> 12:30 horas.<\/span><\/h3>\n<\/li>\n<li>\n<h3><span class=\"OYPEnA text-decoration-underline text-strikethrough-none\">1\u00b0 b\u00e1sico a III\u00b0 medio:<\/span><span class=\"OYPEnA text-strikethrough-none text-decoration-none\"> 13:20 horas.<\/span><\/h3>\n<\/li>\n<\/ul>\n<h3 class=\"cvGsUA direction-ltr align-justify para-style-body\"><span class=\"OYPEnA text-decoration-none text-strikethrough-none\">\u00daltimo d\u00eda de clases: Mi\u00e9rcoles 13 de diciembre.<\/span><\/h3>\n<h3>Direcci\u00f3n SIC<\/h3>\n","protected":false},"excerpt":{"rendered":"<p>Les recordamos que a partir del lunes 4 de diciembre, habr\u00e1 un ajuste en el horario de salida de los\/las estudiantes: Pre K\u00ednder y K\u00ednder: 12:30 horas. 1\u00b0 b\u00e1sico a III\u00b0 medio: 13:20 horas. \u00daltimo d\u00eda de clases: Mi\u00e9rcoles 13 de diciembre. Direcci\u00f3n SIC<\/p>\n","protected":false},"author":1,"featured_media":0,"comment_status":"closed","ping_status":"closed","sticky":false,"template":"","format":"standard","meta":[],"categories":[3],"tags":[],"_links":{"self":[{"href":"http:\/\/sanignacioconcepcion.cl\/sitio\/wp-json\/wp\/v2\/posts\/7364"}],"collection":[{"href":"http:\/\/sanignacioconcepcion.cl\/sitio\/wp-json\/wp\/v2\/posts"}],"about":[{"href":"http:\/\/sanignacioconcepcion.cl\/sitio\/wp-json\/wp\/v2\/types\/post"}],"author":[{"embeddable":true,"href":"http:\/\/sanignacioconcepcion.cl\/sitio\/wp-json\/wp\/v2\/users\/1"}],"replies":[{"embeddable":true,"href":"http:\/\/sanignacioconcepcion.cl\/sitio\/wp-json\/wp\/v2\/comments?post=7364"}],"version-history":[{"count":2,"href":"http:\/\/sanignacioconcepcion.cl\/sitio\/wp-json\/wp\/v2\/posts\/7364\/revisions"}],"predecessor-version":[{"id":7366,"href":"http:\/\/sanignacioconcepcion.cl\/sitio\/wp-json\/wp\/v2\/posts\/7364\/revisions\/7366"}],"wp:attachment":[{"href":"http:\/\/sanignacioconcepcion.cl\/sitio\/wp-json\/wp\/v2\/media?parent=7364"}],"wp:term":[{"taxonomy":"category","embeddable":true,"href":"http:\/\/sanignacioconcepcion.cl\/sitio\/wp-json\/wp\/v2\/categories?post=7364"},{"taxonomy":"post_tag","embeddable":true,"href":"http:\/\/sanignacioconcepcion.cl\/sitio\/wp-json\/wp\/v2\/tags?post=7364"}],"curies":[{"name":"wp","href":"https:\/\/api.w.org\/{rel}","templated":true}]}}