{"id":7399,"date":"2023-12-12T19:58:36","date_gmt":"2023-12-12T19:58:36","guid":{"rendered":"http:\/\/sanignacioconcepcion.cl\/sitio\/?p=7399"},"modified":"2023-12-14T20:00:22","modified_gmt":"2023-12-14T20:00:22","slug":"sic-local-de-votacion-2","status":"publish","type":"post","link":"http:\/\/sanignacioconcepcion.cl\/sitio\/sic-local-de-votacion-2\/","title":{"rendered":"SIC Local de Votaci\u00f3n"},"content":{"rendered":"<p>Estimada comunidad:<\/p>\n<p>Informo a ustedes que, con motivo del Plebiscito Constitucional que se desarrollar\u00e1 el <b>domingo 17 de diciembre<\/b>, nuestro Colegio ha sido designado como <b>Local de Votaci\u00f3n y ser\u00e1 ocupado por el Servicio Electoral (SERVEL), <\/b><u>a partir del viernes 15 hasta el lunes 18 de diciembre<\/u>, por lo que todas las actividades programadas para esos d\u00edas ser\u00e1n suspendidas (<strong>NO habr\u00e1 atenci\u00f3n a p\u00fablico<\/strong>). Retomando nuestras labores el <b>martes 19 del mismo mes.<\/b><\/p>\n<p>Atentamente,<\/p>\n<p>DIRECCI\u00d3N SIC<\/p>\n","protected":false},"excerpt":{"rendered":"<p>Estimada comunidad: Informo a ustedes que, con motivo del Plebiscito Constitucional que se desarrollar\u00e1 el domingo 17 de diciembre, nuestro Colegio ha sido designado como Local de Votaci\u00f3n y ser\u00e1 ocupado por el Servicio Electoral (SERVEL), a partir del viernes 15 hasta el lunes 18 de diciembre, por lo que todas las actividades programadas para&hellip;<\/p>\n","protected":false},"author":1,"featured_media":0,"comment_status":"closed","ping_status":"closed","sticky":false,"template":"","format":"standard","meta":[],"categories":[3],"tags":[],"_links":{"self":[{"href":"http:\/\/sanignacioconcepcion.cl\/sitio\/wp-json\/wp\/v2\/posts\/7399"}],"collection":[{"href":"http:\/\/sanignacioconcepcion.cl\/sitio\/wp-json\/wp\/v2\/posts"}],"about":[{"href":"http:\/\/sanignacioconcepcion.cl\/sitio\/wp-json\/wp\/v2\/types\/post"}],"author":[{"embeddable":true,"href":"http:\/\/sanignacioconcepcion.cl\/sitio\/wp-json\/wp\/v2\/users\/1"}],"replies":[{"embeddable":true,"href":"http:\/\/sanignacioconcepcion.cl\/sitio\/wp-json\/wp\/v2\/comments?post=7399"}],"version-history":[{"count":2,"href":"http:\/\/sanignacioconcepcion.cl\/sitio\/wp-json\/wp\/v2\/posts\/7399\/revisions"}],"predecessor-version":[{"id":7402,"href":"http:\/\/sanignacioconcepcion.cl\/sitio\/wp-json\/wp\/v2\/posts\/7399\/revisions\/7402"}],"wp:attachment":[{"href":"http:\/\/sanignacioconcepcion.cl\/sitio\/wp-json\/wp\/v2\/media?parent=7399"}],"wp:term":[{"taxonomy":"category","embeddable":true,"href":"http:\/\/sanignacioconcepcion.cl\/sitio\/wp-json\/wp\/v2\/categories?post=7399"},{"taxonomy":"post_tag","embeddable":true,"href":"http:\/\/sanignacioconcepcion.cl\/sitio\/wp-json\/wp\/v2\/tags?post=7399"}],"curies":[{"name":"wp","href":"https:\/\/api.w.org\/{rel}","templated":true}]}}